{"id":132050,"date":"2021-11-05T07:00:00","date_gmt":"2021-11-05T11:00:00","guid":{"rendered":"https:\/\/linitiative.ca\/International\/la-transnationalisation-reduit-elle-ou-non-les-inegalites-nord-sud\/"},"modified":"2021-11-05T07:00:00","modified_gmt":"2021-11-05T11:00:00","slug":"la-transnationalisation-reduit-elle-ou-non-les-inegalites-nord-sud","status":"publish","type":"post","link":"https:\/\/linitiative.ca\/International\/la-transnationalisation-reduit-elle-ou-non-les-inegalites-nord-sud\/","title":{"rendered":"La transnationalisation r\u00e9duit-elle, ou non, les in\u00e9galit\u00e9s Nord\/Sud ?"},"content":{"rendered":"<div><img decoding=\"async\" src=\"https:\/\/linitiative.ca\/International\/wp-content\/uploads\/sites\/23\/2021\/11\/1636109413_article.jpg\" alt=\"La transnationalisation r\u00e9duit-elle, ou non, les in\u00e9galit\u00e9s Nord\/Sud ?\" align=\"left\">Par Afif Traouli &#8211; La question des in\u00e9galit\u00e9s, cruciale dans le d\u00e9bat sur la transnationalisation, est une pr\u00e9occupation mondiale, comme le d\u00e9montre l\u2019existence de l\u2019Objectif du D\u00e9veloppement Durable 10 dans l\u2019agenda 2030 \u00abR\u00e9duire les in\u00e9galit\u00e9s entre les pays et en leur sein\u00bb.<br \/>\nOn parle d\u2019in\u00e9galit\u00e9 quand une personne ou un groupe d\u00e9tient des ressources, exerce des pratiques ou a acc\u00e8s \u00e0 des biens et services socialement hi\u00e9rarchis\u00e9s. Trois niveaux d\u2019analyse des in\u00e9galit\u00e9s peuvent \u00eatre distingu\u00e9s : les in\u00e9galit\u00e9s internationales, les in\u00e9galit\u00e9s internes et les in\u00e9galit\u00e9s mondiales. Pour ce qui est des in\u00e9galit\u00e9s Nord\/Sud, les in\u00e9galit\u00e9s &#8230;<\/p>\n<\/div>\n<p>Auteur:<br \/>\n<a href=\"https:\/\/www.leaders.com.tn\/article\/32620-la-transnationalisation-reduit-elle-ou-non-les-inegalites-nord-sud\">Cliquez ici pour lire l&rsquo;article depuis sa source.<\/a><\/p>\n","protected":false},"excerpt":{"rendered":"<p>Par Afif Traouli &#8211; La question des in\u00e9galit\u00e9s, cruciale dans le d\u00e9bat sur la transnationalisation, est une pr\u00e9occupation mondiale, comme le d\u00e9montre l\u2019existence de l\u2019Objectif du D\u00e9veloppement Durable 10 dans l\u2019agenda 2030 \u00abR\u00e9duire les in\u00e9galit\u00e9s entre les pays et en leur sein\u00bb. On parle d\u2019in\u00e9galit\u00e9 quand une personne ou un groupe d\u00e9tient des ressources, exerce [&hellip;]<\/p>\n","protected":false},"author":1772,"featured_media":0,"comment_status":"closed","ping_status":"closed","sticky":false,"template":"","format":"standard","meta":{"fifu_image_url":"http:\/\/www.leaders.com.tn\/uploads\/content\/thumbnails_small\/1636109413_article.jpg","fifu_image_alt":"La transnationalisation r\u00e9duit-elle, ou non, les in\u00e9galit\u00e9s Nord\/Sud ?","footnotes":""},"categories":[73,55],"tags":[],"class_list":["post-132050","post","type-post","status-publish","format-standard","hentry","category-actualite","category-tunisie"],"_links":{"self":[{"href":"https:\/\/linitiative.ca\/International\/wp-json\/wp\/v2\/posts\/132050","targetHints":{"allow":["GET"]}}],"collection":[{"href":"https:\/\/linitiative.ca\/International\/wp-json\/wp\/v2\/posts"}],"about":[{"href":"https:\/\/linitiative.ca\/International\/wp-json\/wp\/v2\/types\/post"}],"author":[{"embeddable":true,"href":"https:\/\/linitiative.ca\/International\/wp-json\/wp\/v2\/users\/1772"}],"replies":[{"embeddable":true,"href":"https:\/\/linitiative.ca\/International\/wp-json\/wp\/v2\/comments?post=132050"}],"version-history":[{"count":0,"href":"https:\/\/linitiative.ca\/International\/wp-json\/wp\/v2\/posts\/132050\/revisions"}],"wp:attachment":[{"href":"https:\/\/linitiative.ca\/International\/wp-json\/wp\/v2\/media?parent=132050"}],"wp:term":[{"taxonomy":"category","embeddable":true,"href":"https:\/\/linitiative.ca\/International\/wp-json\/wp\/v2\/categories?post=132050"},{"taxonomy":"post_tag","embeddable":true,"href":"https:\/\/linitiative.ca\/International\/wp-json\/wp\/v2\/tags?post=132050"}],"curies":[{"name":"wp","href":"https:\/\/api.w.org\/{rel}","templated":true}]}}