{"id":13206,"date":"2019-02-12T08:31:20","date_gmt":"2019-02-12T13:31:20","guid":{"rendered":"https:\/\/linitiative.ca\/International\/tlemcen-une-journee-de-sensibilisation-sur-les-dangers-du-monoxyde-de-carbone\/"},"modified":"2019-02-12T08:31:20","modified_gmt":"2019-02-12T13:31:20","slug":"tlemcen-une-journee-de-sensibilisation-sur-les-dangers-du-monoxyde-de-carbone","status":"publish","type":"post","link":"https:\/\/linitiative.ca\/International\/tlemcen-une-journee-de-sensibilisation-sur-les-dangers-du-monoxyde-de-carbone\/","title":{"rendered":"Tlemcen: une journ\u00e9e de sensibilisation sur les dangers du monoxyde de carbone"},"content":{"rendered":"<div>\n<div class=\"K2FeedImage\"><img decoding=\"async\" src=\"http:\/\/www.aps.dz\/media\/k2\/items\/cache\/95f8eb8a0ab33bc987122812149df8cd_S.jpg\" alt=\"Tlemcen: une journ\u00e9e de sensibilisation sur les dangers du monoxyde de carbone\"><\/div>\n<div class=\"K2FeedIntroText\">\n<p>TLEMCEN &#8211; Les voies et moyens devant \u00e9viter les intoxications au monoxyde de carbone et les mesures \u00e0 suivre en cas d\u2019intoxication, ainsi que les sympt\u00f4mes et les dangers de ce gaz mortel, invisible et inodore, ont fait l\u2019objet d\u2019une rencontre de sensibilisation organis\u00e9e par l\u2019association de la protection des consommateurs de la wilaya de Tlemcen.<\/p>\n<\/div>\n<div class=\"K2FeedFullText\">\n<p>Des repr\u00e9sentants de divers secteurs d\u2019activit\u00e9s (\u00e9nergie , sant\u00e9, protection civile, commerce, sant\u00e9, soci\u00e9t\u00e9 civile, \u00e9ducation) et de nombreux \u00e9l\u00e8ves de lyc\u00e9es ont pris part \u00e0 cette journ\u00e9e, durant laquelle a \u00e9t\u00e9 soulign\u00e9e la gravit\u00e9 du monoxyde de carbone qui a fait, \u00e0 Tlemcen depuis d\u00e9cembre dernier \u00e0 ce jour, 12 victimes dont cinq personnes \u00e2g\u00e9s entre 36 et 71 ans mortes asphyxi\u00e9es durant le mois de janvier 2019, a indiqu\u00e9 une responsable de la protection civile.<\/p>\n<hr>\n<p><a href=\"http:\/\/www.aps.dz\/societe\/83377-asphyxie-au-monoxyde-de-carbone-17-morts-en-24-heures\">Lire aussi: Asphyxie au monoxyde de carbone: 17 morts en 24 heures<\/a><\/p>\n<hr>\n<p>Les intervenants ont, tour \u00e0 tour, tent\u00e9 de donner des orientations sur la conduite \u00e0 tenir en cas de fuite de gaz ou d\u2019\u00e9manation de monoxyde de carbone et les meilleurs moyens d\u2019\u00e9viter ces accidents mortels qui endeuillent plusieurs familles au cours de la p\u00e9riode hivernale.<\/p>\n<p>Ils ont, dans ce cadre, recommand\u00e9 le nettoyage, une fois par an, de tous les \u00e9quipements de chauffage tels que le chauffe bain, le chauffage et autres, ainsi que les chemin\u00e9es, et l\u2019a\u00e9ration des maisons en cas de fuite de gaz.<\/p>\n<p>Le pr\u00e9sident de l\u2019association de protection des consommateurs, organisatrice de cette journ\u00e9e de sensibilisation, M. Chikhi a expliqu\u00e9 que le but de cette journ\u00e9e est d\u2019attirer l\u2019attention des citoyens sur les dangers que repr\u00e9sente le monoxyde de carbone sur la vie des familles et de leur expliquer les conduites \u00e0 tenir afin d\u2019\u00e9viter tout accident tragique.<\/p>\n<p>\u00ab\u00a0Nous avons associ\u00e9 les \u00e9l\u00e8ves du secondaire pour qu\u2019ils puissent de leur c\u00f4t\u00e9 vulgariser au sein de leur famille la culture pr\u00e9ventive de ces accidents\u00a0\u00bb, a-t-il soulign\u00e9.<\/p>\n<p>Des \u00e9l\u00e9ments de la protection civile ont \u00e9galement montr\u00e9, \u00e0 l\u2019assistance, la mani\u00e8re de secourir et d\u2019\u00e9vacuer une personne asphyxi\u00e9e par le monoxyde de carbone.<\/p>\n<p>\u00a0<\/p>\n<\/div>\n<\/div>\n<p><a href=\"http:\/\/www.aps.dz\/regions\/85441-tlemcen-une-journee-de-sensibilisation-sur-les-dangers-du-monoxyde-de-carbone\">Cliquez ici pour lire l&rsquo;article depuis sa source.<\/a><br \/>\n<img decoding=\"async\" class=\"wpe_imgrss\" src=\"http:\/\/www.aps.dz\/media\/k2\/items\/cache\/95f8eb8a0ab33bc987122812149df8cd_S.jpg\"><br \/>\nhttp:\/\/www.aps.dz\/<br \/>\nhttp:\/\/www.aps.dz\/images\/logo-aps.png<\/p>\n","protected":false},"excerpt":{"rendered":"<p>TLEMCEN &#8211; Les voies et moyens devant \u00e9viter les intoxications au monoxyde de carbone et les mesures \u00e0 suivre en cas d\u2019intoxication, ainsi que les sympt\u00f4mes et les dangers de ce gaz mortel, invisible et inodore, ont fait l\u2019objet d\u2019une rencontre de sensibilisation organis\u00e9e par l\u2019association de la protection des consommateurs de la wilaya de [&hellip;]<\/p>\n","protected":false},"author":1790,"featured_media":13207,"comment_status":"closed","ping_status":"closed","sticky":false,"template":"","format":"standard","meta":{"fifu_image_url":"","fifu_image_alt":"","footnotes":""},"categories":[53,76],"tags":[],"class_list":["post-13206","post","type-post","status-publish","format-standard","has-post-thumbnail","hentry","category-algerie","category-regions"],"_links":{"self":[{"href":"https:\/\/linitiative.ca\/International\/wp-json\/wp\/v2\/posts\/13206","targetHints":{"allow":["GET"]}}],"collection":[{"href":"https:\/\/linitiative.ca\/International\/wp-json\/wp\/v2\/posts"}],"about":[{"href":"https:\/\/linitiative.ca\/International\/wp-json\/wp\/v2\/types\/post"}],"author":[{"embeddable":true,"href":"https:\/\/linitiative.ca\/International\/wp-json\/wp\/v2\/users\/1790"}],"replies":[{"embeddable":true,"href":"https:\/\/linitiative.ca\/International\/wp-json\/wp\/v2\/comments?post=13206"}],"version-history":[{"count":0,"href":"https:\/\/linitiative.ca\/International\/wp-json\/wp\/v2\/posts\/13206\/revisions"}],"wp:featuredmedia":[{"embeddable":true,"href":"https:\/\/linitiative.ca\/International\/wp-json\/"}],"wp:attachment":[{"href":"https:\/\/linitiative.ca\/International\/wp-json\/wp\/v2\/media?parent=13206"}],"wp:term":[{"taxonomy":"category","embeddable":true,"href":"https:\/\/linitiative.ca\/International\/wp-json\/wp\/v2\/categories?post=13206"},{"taxonomy":"post_tag","embeddable":true,"href":"https:\/\/linitiative.ca\/International\/wp-json\/wp\/v2\/tags?post=13206"}],"curies":[{"name":"wp","href":"https:\/\/api.w.org\/{rel}","templated":true}]}}