{"id":132060,"date":"2021-11-05T14:26:29","date_gmt":"2021-11-05T18:26:29","guid":{"rendered":"https:\/\/linitiative.ca\/International\/comment-leurope-obtient-elle-son-gaz\/"},"modified":"2021-11-05T14:26:29","modified_gmt":"2021-11-05T18:26:29","slug":"comment-leurope-obtient-elle-son-gaz","status":"publish","type":"post","link":"https:\/\/linitiative.ca\/International\/comment-leurope-obtient-elle-son-gaz\/","title":{"rendered":"Comment l\u2019Europe obtient-elle son gaz ?"},"content":{"rendered":"<div><img decoding=\"async\" width=\"310\" height=\"163\" src=\"https:\/\/linitiative.ca\/International\/wp-content\/uploads\/sites\/23\/2021\/11\/GAZ-EU.jpg\" class=\"attachment-post-thumbnail size-post-thumbnail wp-post-image\" alt=\"\" loading=\"lazy\" srcset=\"https:\/\/linitiative.ca\/International\/wp-content\/uploads\/sites\/23\/2021\/11\/GAZ-EU.jpg 310w, https:\/\/www.challenge.ma\/wp-content\/uploads\/2021\/11\/GAZ-EU-300x158.jpg 300w\" sizes=\"auto, (max-width: 310px) 100vw, 310px\" itemprop=\"image\">Non, l\u2019Europe n\u2019est pas d\u00e9pendante du gaz de l\u2019Alg\u00e9rie. A la suite de la d\u00e9cision du pouvoir alg\u00e9rien de ne pas renouveler le contrat du gazoduc Maghreb-Europe, et dans un contexte mondial o\u00f9 r\u00e8gne une crise \u00e9nerg\u00e9tique de gaz, nous r\u00e9pondons \u00e0 la question tant pos\u00e9e ces derniers jours: comment<\/div>\n<p>Auteur: challenge<br \/>\n<a href=\"https:\/\/www.challenge.ma\/comment-leurope-obtient-elle-son-gaz-225421\/\">Cliquez ici pour lire l&rsquo;article depuis sa source.<\/a><\/p>\n","protected":false},"excerpt":{"rendered":"<p>Non, l\u2019Europe n\u2019est pas d\u00e9pendante du gaz de l\u2019Alg\u00e9rie. A la suite de la d\u00e9cision du pouvoir alg\u00e9rien de ne pas renouveler le contrat du gazoduc Maghreb-Europe, et dans un contexte mondial o\u00f9 r\u00e8gne une crise \u00e9nerg\u00e9tique de gaz, nous r\u00e9pondons \u00e0 la question tant pos\u00e9e ces derniers jours: comment Auteur: challenge Cliquez ici pour [&hellip;]<\/p>\n","protected":false},"author":1787,"featured_media":0,"comment_status":"closed","ping_status":"closed","sticky":false,"template":"","format":"standard","meta":{"fifu_image_url":"https:\/\/www.challenge.ma\/wp-content\/uploads\/2021\/11\/GAZ-EU.jpg","fifu_image_alt":"Comment l\u2019Europe obtient-elle son gaz ?","footnotes":""},"categories":[78,54],"tags":[],"class_list":["post-132060","post","type-post","status-publish","format-standard","hentry","category-economie","category-maroc"],"_links":{"self":[{"href":"https:\/\/linitiative.ca\/International\/wp-json\/wp\/v2\/posts\/132060","targetHints":{"allow":["GET"]}}],"collection":[{"href":"https:\/\/linitiative.ca\/International\/wp-json\/wp\/v2\/posts"}],"about":[{"href":"https:\/\/linitiative.ca\/International\/wp-json\/wp\/v2\/types\/post"}],"author":[{"embeddable":true,"href":"https:\/\/linitiative.ca\/International\/wp-json\/wp\/v2\/users\/1787"}],"replies":[{"embeddable":true,"href":"https:\/\/linitiative.ca\/International\/wp-json\/wp\/v2\/comments?post=132060"}],"version-history":[{"count":0,"href":"https:\/\/linitiative.ca\/International\/wp-json\/wp\/v2\/posts\/132060\/revisions"}],"wp:attachment":[{"href":"https:\/\/linitiative.ca\/International\/wp-json\/wp\/v2\/media?parent=132060"}],"wp:term":[{"taxonomy":"category","embeddable":true,"href":"https:\/\/linitiative.ca\/International\/wp-json\/wp\/v2\/categories?post=132060"},{"taxonomy":"post_tag","embeddable":true,"href":"https:\/\/linitiative.ca\/International\/wp-json\/wp\/v2\/tags?post=132060"}],"curies":[{"name":"wp","href":"https:\/\/api.w.org\/{rel}","templated":true}]}}