{"id":132063,"date":"2021-11-05T16:18:10","date_gmt":"2021-11-05T20:18:10","guid":{"rendered":"https:\/\/linitiative.ca\/International\/tunisie-coronavirus-vers-la-vaccination-des-enfants-entre-12-et-14-ans\/"},"modified":"2021-11-05T16:18:10","modified_gmt":"2021-11-05T20:18:10","slug":"tunisie-coronavirus-vers-la-vaccination-des-enfants-entre-12-et-14-ans","status":"publish","type":"post","link":"https:\/\/linitiative.ca\/International\/tunisie-coronavirus-vers-la-vaccination-des-enfants-entre-12-et-14-ans\/","title":{"rendered":"Tunisie-Coronavirus : Vers la vaccination des enfants entre 12 et 14 ans"},"content":{"rendered":"<div>\n<p>Dans un communiqu\u00e9 rendu public le 05 novembre 2021, le minist\u00e8re de la Sant\u00e9 a annonc\u00e9 le lancement de la vaccination des enfants \u00e2g\u00e9s de 12 \u00e0 14 ans contre le Covid-19, avec le consentement de leurs parents. Le minist\u00e8re a indiqu\u00e9 que les enfants atteints de maladies chroniques ou de risque sp\u00e9cifiques sont prioritaires.<\/p>\n<p>L\u2019article <a href=\"https:\/\/www.tunisienumerique.com\/tunisie-coronavirus-vers-la-vaccination-des-enfants-entre-12-et-14-ans\/\">Tunisie-Coronavirus : Vers la vaccination des enfants entre 12 et 14 ans<\/a> est apparu en premier sur <a href=\"https:\/\/www.tunisienumerique.com\/\">Tunisie<\/a>.<\/p>\n<\/div>\n<p>Auteur: rania ben slimane<br \/>\n<a href=\"https:\/\/www.tunisienumerique.com\/tunisie-coronavirus-vers-la-vaccination-des-enfants-entre-12-et-14-ans\/\">Cliquez ici pour lire l&rsquo;article depuis sa source.<\/a><\/p>\n","protected":false},"excerpt":{"rendered":"<p>Dans un communiqu\u00e9 rendu public le 05 novembre 2021, le minist\u00e8re de la Sant\u00e9 a annonc\u00e9 le lancement de la vaccination des enfants \u00e2g\u00e9s de 12 \u00e0 14 ans contre le Covid-19, avec le consentement de leurs parents. Le minist\u00e8re a indiqu\u00e9 que les enfants atteints de maladies chroniques ou de risque sp\u00e9cifiques sont prioritaires. [&hellip;]<\/p>\n","protected":false},"author":1789,"featured_media":0,"comment_status":"closed","ping_status":"closed","sticky":false,"template":"","format":"standard","meta":{"fifu_image_url":"","fifu_image_alt":"","footnotes":""},"categories":[73,55],"tags":[],"class_list":["post-132063","post","type-post","status-publish","format-standard","hentry","category-actualite","category-tunisie"],"_links":{"self":[{"href":"https:\/\/linitiative.ca\/International\/wp-json\/wp\/v2\/posts\/132063","targetHints":{"allow":["GET"]}}],"collection":[{"href":"https:\/\/linitiative.ca\/International\/wp-json\/wp\/v2\/posts"}],"about":[{"href":"https:\/\/linitiative.ca\/International\/wp-json\/wp\/v2\/types\/post"}],"author":[{"embeddable":true,"href":"https:\/\/linitiative.ca\/International\/wp-json\/wp\/v2\/users\/1789"}],"replies":[{"embeddable":true,"href":"https:\/\/linitiative.ca\/International\/wp-json\/wp\/v2\/comments?post=132063"}],"version-history":[{"count":0,"href":"https:\/\/linitiative.ca\/International\/wp-json\/wp\/v2\/posts\/132063\/revisions"}],"wp:attachment":[{"href":"https:\/\/linitiative.ca\/International\/wp-json\/wp\/v2\/media?parent=132063"}],"wp:term":[{"taxonomy":"category","embeddable":true,"href":"https:\/\/linitiative.ca\/International\/wp-json\/wp\/v2\/categories?post=132063"},{"taxonomy":"post_tag","embeddable":true,"href":"https:\/\/linitiative.ca\/International\/wp-json\/wp\/v2\/tags?post=132063"}],"curies":[{"name":"wp","href":"https:\/\/api.w.org\/{rel}","templated":true}]}}