{"id":132064,"date":"2021-11-05T16:30:32","date_gmt":"2021-11-05T20:30:32","guid":{"rendered":"https:\/\/linitiative.ca\/International\/sousse-deces-dun-ouvrier-dans-un-reservoir-de-ble-a-sousse\/"},"modified":"2021-11-05T16:30:32","modified_gmt":"2021-11-05T20:30:32","slug":"sousse-deces-dun-ouvrier-dans-un-reservoir-de-ble-a-sousse","status":"publish","type":"post","link":"https:\/\/linitiative.ca\/International\/sousse-deces-dun-ouvrier-dans-un-reservoir-de-ble-a-sousse\/","title":{"rendered":"Sousse : D\u00e9c\u00e8s d\u2019un ouvrier dans un r\u00e9servoir de bl\u00e9 \u00e0 Sousse"},"content":{"rendered":"<div>\n<p>Le Directeur R\u00e9gional de la Protection Civile \u00e0 Sousse, Le Colonel-major, Lotfi Ben Alaya a confirm\u00e9 que l\u2019ouvrier exer\u00e7ant dans une entreprise de p\u00e2te alimentaire sise cit\u00e9 Ettaamir aujourd\u2019hui, vendredi 5 novembre 2021, est mort \u00e9touff\u00e9 apr\u00e8s \u00eatre tomb\u00e9 dans un r\u00e9servoir de bl\u00e9 de 25 m\u00e8tres de haut. Il a clairement fait savoir \u00e0 [\u2026]<\/p>\n<p>L\u2019article <a href=\"https:\/\/www.tunisienumerique.com\/sousse-deces-dun-ouvrier-dans-un-reservoir-de-ble-a-sousse\/\">Sousse : D\u00e9c\u00e8s d\u2019un ouvrier dans un r\u00e9servoir de bl\u00e9 \u00e0 Sousse<\/a> est apparu en premier sur <a href=\"https:\/\/www.tunisienumerique.com\/\">Tunisie<\/a>.<\/p>\n<\/div>\n<p>Auteur: rania ben slimane<br \/>\n<a href=\"https:\/\/www.tunisienumerique.com\/sousse-deces-dun-ouvrier-dans-un-reservoir-de-ble-a-sousse\/\">Cliquez ici pour lire l&rsquo;article depuis sa source.<\/a><\/p>\n","protected":false},"excerpt":{"rendered":"<p>Le Directeur R\u00e9gional de la Protection Civile \u00e0 Sousse, Le Colonel-major, Lotfi Ben Alaya a confirm\u00e9 que l\u2019ouvrier exer\u00e7ant dans une entreprise de p\u00e2te alimentaire sise cit\u00e9 Ettaamir aujourd\u2019hui, vendredi 5 novembre 2021, est mort \u00e9touff\u00e9 apr\u00e8s \u00eatre tomb\u00e9 dans un r\u00e9servoir de bl\u00e9 de 25 m\u00e8tres de haut. Il a clairement fait savoir \u00e0 [&hellip;]<\/p>\n","protected":false},"author":1789,"featured_media":0,"comment_status":"closed","ping_status":"closed","sticky":false,"template":"","format":"standard","meta":{"fifu_image_url":"","fifu_image_alt":"","footnotes":""},"categories":[73,55],"tags":[],"class_list":["post-132064","post","type-post","status-publish","format-standard","hentry","category-actualite","category-tunisie"],"_links":{"self":[{"href":"https:\/\/linitiative.ca\/International\/wp-json\/wp\/v2\/posts\/132064","targetHints":{"allow":["GET"]}}],"collection":[{"href":"https:\/\/linitiative.ca\/International\/wp-json\/wp\/v2\/posts"}],"about":[{"href":"https:\/\/linitiative.ca\/International\/wp-json\/wp\/v2\/types\/post"}],"author":[{"embeddable":true,"href":"https:\/\/linitiative.ca\/International\/wp-json\/wp\/v2\/users\/1789"}],"replies":[{"embeddable":true,"href":"https:\/\/linitiative.ca\/International\/wp-json\/wp\/v2\/comments?post=132064"}],"version-history":[{"count":0,"href":"https:\/\/linitiative.ca\/International\/wp-json\/wp\/v2\/posts\/132064\/revisions"}],"wp:attachment":[{"href":"https:\/\/linitiative.ca\/International\/wp-json\/wp\/v2\/media?parent=132064"}],"wp:term":[{"taxonomy":"category","embeddable":true,"href":"https:\/\/linitiative.ca\/International\/wp-json\/wp\/v2\/categories?post=132064"},{"taxonomy":"post_tag","embeddable":true,"href":"https:\/\/linitiative.ca\/International\/wp-json\/wp\/v2\/tags?post=132064"}],"curies":[{"name":"wp","href":"https:\/\/api.w.org\/{rel}","templated":true}]}}