{"id":132065,"date":"2021-11-05T16:48:50","date_gmt":"2021-11-05T20:48:50","guid":{"rendered":"https:\/\/linitiative.ca\/International\/scandaleux-sfax-video-ou-sont-passees-les-enormes-machines-de-tri-et-de-valorisation-des-dechets\/"},"modified":"2021-11-05T16:48:50","modified_gmt":"2021-11-05T20:48:50","slug":"scandaleux-sfax-video-ou-sont-passees-les-enormes-machines-de-tri-et-de-valorisation-des-dechets","status":"publish","type":"post","link":"https:\/\/linitiative.ca\/International\/scandaleux-sfax-video-ou-sont-passees-les-enormes-machines-de-tri-et-de-valorisation-des-dechets\/","title":{"rendered":"SCANDALEUX- Sfax [Vid\u00e9o] : O\u00f9 sont pass\u00e9es les \u00e9normes machines de tri et de valorisation des d\u00e9chets"},"content":{"rendered":"<div>\n<p>Le correspondant de Tunisienumerique \u00e0 Sfax a confirm\u00e9 aujourd\u2019hui 5 novembre 2021, la disparition des machines et \u00e9quipements de tri et de valorisation des d\u00e9chets depuis 2015. Il a ajout\u00e9 que l\u2019\u00e9quipement est tr\u00e8s volumineux et capable de recycler et de valoriser les d\u00e9chets, ainsi que de les transformer en engrais organique. Ajoutant que sa [\u2026]<\/p>\n<p>L\u2019article <a href=\"https:\/\/www.tunisienumerique.com\/scandaleux-sfax-video-ou-sont-passees-les-enormes-machines-de-tri-et-de-valorisation-des-dechets\/\">SCANDALEUX- Sfax [Vid\u00e9o] : O\u00f9 sont pass\u00e9es les \u00e9normes machines de tri et de valorisation des d\u00e9chets<\/a> est apparu en premier sur <a href=\"https:\/\/www.tunisienumerique.com\/\">Tunisie<\/a>.<\/p>\n<\/div>\n<p>Auteur: rania ben slimane<br \/>\n<a href=\"https:\/\/www.tunisienumerique.com\/scandaleux-sfax-video-ou-sont-passees-les-enormes-machines-de-tri-et-de-valorisation-des-dechets\/\">Cliquez ici pour lire l&rsquo;article depuis sa source.<\/a><\/p>\n","protected":false},"excerpt":{"rendered":"<p>Le correspondant de Tunisienumerique \u00e0 Sfax a confirm\u00e9 aujourd\u2019hui 5 novembre 2021, la disparition des machines et \u00e9quipements de tri et de valorisation des d\u00e9chets depuis 2015. Il a ajout\u00e9 que l\u2019\u00e9quipement est tr\u00e8s volumineux et capable de recycler et de valoriser les d\u00e9chets, ainsi que de les transformer en engrais organique. Ajoutant que sa [&hellip;]<\/p>\n","protected":false},"author":1789,"featured_media":0,"comment_status":"closed","ping_status":"closed","sticky":false,"template":"","format":"standard","meta":{"fifu_image_url":"","fifu_image_alt":"","footnotes":""},"categories":[73,55],"tags":[],"class_list":["post-132065","post","type-post","status-publish","format-standard","hentry","category-actualite","category-tunisie"],"_links":{"self":[{"href":"https:\/\/linitiative.ca\/International\/wp-json\/wp\/v2\/posts\/132065","targetHints":{"allow":["GET"]}}],"collection":[{"href":"https:\/\/linitiative.ca\/International\/wp-json\/wp\/v2\/posts"}],"about":[{"href":"https:\/\/linitiative.ca\/International\/wp-json\/wp\/v2\/types\/post"}],"author":[{"embeddable":true,"href":"https:\/\/linitiative.ca\/International\/wp-json\/wp\/v2\/users\/1789"}],"replies":[{"embeddable":true,"href":"https:\/\/linitiative.ca\/International\/wp-json\/wp\/v2\/comments?post=132065"}],"version-history":[{"count":0,"href":"https:\/\/linitiative.ca\/International\/wp-json\/wp\/v2\/posts\/132065\/revisions"}],"wp:attachment":[{"href":"https:\/\/linitiative.ca\/International\/wp-json\/wp\/v2\/media?parent=132065"}],"wp:term":[{"taxonomy":"category","embeddable":true,"href":"https:\/\/linitiative.ca\/International\/wp-json\/wp\/v2\/categories?post=132065"},{"taxonomy":"post_tag","embeddable":true,"href":"https:\/\/linitiative.ca\/International\/wp-json\/wp\/v2\/tags?post=132065"}],"curies":[{"name":"wp","href":"https:\/\/api.w.org\/{rel}","templated":true}]}}