{"id":132066,"date":"2021-11-05T16:59:56","date_gmt":"2021-11-05T20:59:56","guid":{"rendered":"https:\/\/linitiative.ca\/International\/tunisie-reception-de-14-ambulances-equipees-et-10-vehicules-utilitaires\/"},"modified":"2021-11-05T16:59:56","modified_gmt":"2021-11-05T20:59:56","slug":"tunisie-reception-de-14-ambulances-equipees-et-10-vehicules-utilitaires","status":"publish","type":"post","link":"https:\/\/linitiative.ca\/International\/tunisie-reception-de-14-ambulances-equipees-et-10-vehicules-utilitaires\/","title":{"rendered":"Tunisie: R\u00e9ception de 14 ambulances \u00e9quip\u00e9es et 10 v\u00e9hicules utilitaires"},"content":{"rendered":"<div>\n<p>Dans le cadre du programme de soutien de l\u2019Union europ\u00e9enne \u00ab La sant\u00e9 est ch\u00e8re \u00bb, le minist\u00e8re de la Sant\u00e9 a re\u00e7u aujourd\u2019hui, vendredi 5 novembre 2021, 14 ambulances \u00e9quip\u00e9es pour tous les cas urgents et 10 v\u00e9hicules utilitaires \u00e0 titre de premier lot. On s\u2019attend \u00e0 ce que ces voitures am\u00e9liorent les services [\u2026]<\/p>\n<p>L\u2019article <a href=\"https:\/\/www.tunisienumerique.com\/tunisie-reception-de-14-ambulances-equipees-et-10-vehicules-utilitaires\/\">Tunisie: R\u00e9ception de 14 ambulances \u00e9quip\u00e9es et 10 v\u00e9hicules utilitaires<\/a> est apparu en premier sur <a href=\"https:\/\/www.tunisienumerique.com\/\">Tunisie<\/a>.<\/p>\n<\/div>\n<p>Auteur: rania ben slimane<br \/>\n<a href=\"https:\/\/www.tunisienumerique.com\/tunisie-reception-de-14-ambulances-equipees-et-10-vehicules-utilitaires\/\">Cliquez ici pour lire l&rsquo;article depuis sa source.<\/a><\/p>\n","protected":false},"excerpt":{"rendered":"<p>Dans le cadre du programme de soutien de l\u2019Union europ\u00e9enne \u00ab La sant\u00e9 est ch\u00e8re \u00bb, le minist\u00e8re de la Sant\u00e9 a re\u00e7u aujourd\u2019hui, vendredi 5 novembre 2021, 14 ambulances \u00e9quip\u00e9es pour tous les cas urgents et 10 v\u00e9hicules utilitaires \u00e0 titre de premier lot. On s\u2019attend \u00e0 ce que ces voitures am\u00e9liorent les services [&hellip;]<\/p>\n","protected":false},"author":1789,"featured_media":0,"comment_status":"closed","ping_status":"closed","sticky":false,"template":"","format":"standard","meta":{"fifu_image_url":"","fifu_image_alt":"","footnotes":""},"categories":[73,55],"tags":[],"class_list":["post-132066","post","type-post","status-publish","format-standard","hentry","category-actualite","category-tunisie"],"_links":{"self":[{"href":"https:\/\/linitiative.ca\/International\/wp-json\/wp\/v2\/posts\/132066","targetHints":{"allow":["GET"]}}],"collection":[{"href":"https:\/\/linitiative.ca\/International\/wp-json\/wp\/v2\/posts"}],"about":[{"href":"https:\/\/linitiative.ca\/International\/wp-json\/wp\/v2\/types\/post"}],"author":[{"embeddable":true,"href":"https:\/\/linitiative.ca\/International\/wp-json\/wp\/v2\/users\/1789"}],"replies":[{"embeddable":true,"href":"https:\/\/linitiative.ca\/International\/wp-json\/wp\/v2\/comments?post=132066"}],"version-history":[{"count":0,"href":"https:\/\/linitiative.ca\/International\/wp-json\/wp\/v2\/posts\/132066\/revisions"}],"wp:attachment":[{"href":"https:\/\/linitiative.ca\/International\/wp-json\/wp\/v2\/media?parent=132066"}],"wp:term":[{"taxonomy":"category","embeddable":true,"href":"https:\/\/linitiative.ca\/International\/wp-json\/wp\/v2\/categories?post=132066"},{"taxonomy":"post_tag","embeddable":true,"href":"https:\/\/linitiative.ca\/International\/wp-json\/wp\/v2\/tags?post=132066"}],"curies":[{"name":"wp","href":"https:\/\/api.w.org\/{rel}","templated":true}]}}