{"id":132070,"date":"2021-11-05T08:37:32","date_gmt":"2021-11-05T12:37:32","guid":{"rendered":"https:\/\/linitiative.ca\/International\/football-xavi-hernandez-est-le-nouveau-coach-du-fc-barcelone\/"},"modified":"2021-11-05T08:37:32","modified_gmt":"2021-11-05T12:37:32","slug":"football-xavi-hernandez-est-le-nouveau-coach-du-fc-barcelone","status":"publish","type":"post","link":"https:\/\/linitiative.ca\/International\/football-xavi-hernandez-est-le-nouveau-coach-du-fc-barcelone\/","title":{"rendered":"Football : Xavi Hern\u00e1ndez est le nouveau coach du FC Barcelone"},"content":{"rendered":"<div>\n<p>Xavi Hern\u00e1ndez est de retour au FC Barcelone comme entra\u00eeneur principal apr\u00e8s le limogeage de Ronald Koeman. C\u2019est son ancien club Al Sadd qui l\u2019a annonc\u00e9 ce vendredi 5 novembre sur Twitter.<\/p>\n<p>Il est entra\u00eeneur du club qatari de Al Sadd depuis 2019 apr\u00e8s avoir \u00e9volu\u00e9 en tant que joueur depuis son d\u00e9part de Catalogne en 2015.<\/p>\n<p>L\u2019article <a rel=\"nofollow\" href=\"https:\/\/www.sidwaya.info\/blog\/2021\/11\/05\/football-xavi-hernandez-est-le-nouveau-coach-du-fc-barcelone\/\">Football : Xavi Hern\u00e1ndez est le nouveau coach du FC Barcelone<\/a> est apparu en premier sur <a rel=\"nofollow\" href=\"https:\/\/www.sidwaya.info\/\">Quotidien Sidwaya<\/a>.<\/p>\n<\/div>\n<p>Auteur: Wamini SIDWAYA<br \/>\n<a href=\"https:\/\/www.sidwaya.info\/blog\/2021\/11\/05\/football-xavi-hernandez-est-le-nouveau-coach-du-fc-barcelone\/\">Cliquez ici pour lire l&rsquo;article depuis sa source.<\/a><\/p>\n","protected":false},"excerpt":{"rendered":"<p>Xavi Hern\u00e1ndez est de retour au FC Barcelone comme entra\u00eeneur principal apr\u00e8s le limogeage de Ronald Koeman. C\u2019est son ancien club Al Sadd qui l\u2019a annonc\u00e9 ce vendredi 5 novembre sur Twitter. Il est entra\u00eeneur du club qatari de Al Sadd depuis 2019 apr\u00e8s avoir \u00e9volu\u00e9 en tant que joueur depuis son d\u00e9part de Catalogne [&hellip;]<\/p>\n","protected":false},"author":1816,"featured_media":0,"comment_status":"closed","ping_status":"closed","sticky":false,"template":"","format":"standard","meta":{"fifu_image_url":"","fifu_image_alt":"","footnotes":""},"categories":[73,81],"tags":[],"class_list":["post-132070","post","type-post","status-publish","format-standard","hentry","category-actualite","category-burkina-faso"],"_links":{"self":[{"href":"https:\/\/linitiative.ca\/International\/wp-json\/wp\/v2\/posts\/132070","targetHints":{"allow":["GET"]}}],"collection":[{"href":"https:\/\/linitiative.ca\/International\/wp-json\/wp\/v2\/posts"}],"about":[{"href":"https:\/\/linitiative.ca\/International\/wp-json\/wp\/v2\/types\/post"}],"author":[{"embeddable":true,"href":"https:\/\/linitiative.ca\/International\/wp-json\/wp\/v2\/users\/1816"}],"replies":[{"embeddable":true,"href":"https:\/\/linitiative.ca\/International\/wp-json\/wp\/v2\/comments?post=132070"}],"version-history":[{"count":0,"href":"https:\/\/linitiative.ca\/International\/wp-json\/wp\/v2\/posts\/132070\/revisions"}],"wp:attachment":[{"href":"https:\/\/linitiative.ca\/International\/wp-json\/wp\/v2\/media?parent=132070"}],"wp:term":[{"taxonomy":"category","embeddable":true,"href":"https:\/\/linitiative.ca\/International\/wp-json\/wp\/v2\/categories?post=132070"},{"taxonomy":"post_tag","embeddable":true,"href":"https:\/\/linitiative.ca\/International\/wp-json\/wp\/v2\/tags?post=132070"}],"curies":[{"name":"wp","href":"https:\/\/api.w.org\/{rel}","templated":true}]}}