{"id":132074,"date":"2021-11-05T12:18:02","date_gmt":"2021-11-05T16:18:02","guid":{"rendered":"https:\/\/linitiative.ca\/International\/lafrique-du-sud-accueille-la-foire-intra-africaine\/"},"modified":"2021-11-05T12:18:02","modified_gmt":"2021-11-05T16:18:02","slug":"lafrique-du-sud-accueille-la-foire-intra-africaine","status":"publish","type":"post","link":"https:\/\/linitiative.ca\/International\/lafrique-du-sud-accueille-la-foire-intra-africaine\/","title":{"rendered":"L\u2019Afrique du Sud accueille la Foire intra-africaine"},"content":{"rendered":"<div>\n<p><img loading=\"lazy\" decoding=\"async\" width=\"800\" height=\"500\" src=\"https:\/\/linitiative.ca\/International\/wp-content\/uploads\/sites\/23\/2021\/11\/16361290822257.jpg\" class=\"attachment-post-thumbnail size-post-thumbnail wp-post-image\" alt=\"\" srcset=\"https:\/\/linitiative.ca\/International\/wp-content\/uploads\/sites\/23\/2021\/11\/16361290822257.jpg 800w, https:\/\/www.journalducameroun.com\/wp-content\/uploads\/2021\/11\/16361290822257-300x188.jpg 300w, https:\/\/www.journalducameroun.com\/wp-content\/uploads\/2021\/11\/16361290822257-768x480.jpg 768w, https:\/\/www.journalducameroun.com\/wp-content\/uploads\/2021\/11\/16361290822257-704x440.jpg 704w, https:\/\/www.journalducameroun.com\/wp-content\/uploads\/2021\/11\/16361290822257-600x375.jpg 600w\" sizes=\"auto, (max-width: 800px) 100vw, 800px\"><\/p>\n<p>L&rsquo;\u00e9v\u00e8nement permettra aux participants de partager des informations sur les march\u00e9s et les opportunit\u00e9s d&rsquo;investissement afin de soutenir le commerce intra-africain.La Foire commerciale intra-africaine 2021 (IATF 2021, sigle anglais) se tient du 15 au 21 novembre \u00e0 Durban, ville portuaire d&rsquo;Afrique du Sud. Plus de 10.000 visiteurs y sont attendus.<\/p>\n<p>Pour le gouvernement sud-africain, elle permettra aux entreprises nationales d&rsquo;acc\u00e9der \u00e0 un march\u00e9 africain int\u00e9gr\u00e9 de plus de 1,2 milliard de personnes, avec un produit int\u00e9rieur brut de plus de 2.500 milliards de dollars, cr\u00e9\u00e9 dans le cadre de la Zone de libre-\u00e9change continentale africaine (ZLECAF).<\/p>\n<p>\u00ab La foire commerciale nous donnera l&rsquo;occasion de pr\u00e9senter et de commercialiser des biens et services sud-africains dont nous sommes fiers, de cr\u00e9er des r\u00e9seaux durables et d&rsquo;\u00e9tablir des collaborations qui augmenteront nos exportations de biens et services sur le continent et positionneront l&rsquo;Afrique du Sud comme un partenaire de choix \u00bb, a d\u00e9clar\u00e9 la vice-ministre du Commerce, de l&rsquo;Industrie et de la Concurrence, Nomalungelo Gina.<\/p>\n<p>Elle a indiqu\u00e9 que la foire, qui se tiendra au centre de convention international Inkosi Albert Luthuli, \u00ab mettra davantage en \u00e9vidence le meilleur de la capacit\u00e9 de production locale sud-africaine dans les secteurs de l&rsquo;agriculture et de l&rsquo;agroalimentaire, de l&rsquo;automobile, de la construction et du d\u00e9veloppement des infrastructures, ainsi que des biens de consommation \u00bb.<\/p>\n<p>\u00ab En outre, seront expos\u00e9s des produits issus des secteurs de l&rsquo;\u00e9nergie et de l&rsquo;\u00e9lectricit\u00e9, de l&rsquo;ing\u00e9nierie, de la chaussure, du cuir et du textile, des industries lourdes et l\u00e9g\u00e8re, des soins de sant\u00e9 et des produits pharmaceutiques, des technologies de l&rsquo;information et de la communication et de l&rsquo;innovation, de la logistique et de l&rsquo;exploitation mini\u00e8re \u00bb, a ajout\u00e9 Mme Gina.<\/p>\n<p>Selon elle, l&rsquo;Afrique du Sud profitera du salon pour se positionner comme un acteur majeur sur le continent et comme une destination attrayante et comp\u00e9titive pour les affaires, les investissements et le tourisme.<\/p>\n<p>Organis\u00e9e sous l&rsquo;\u00e9gide de l&rsquo;African Export-Import Bank, la rencontre offre une plateforme permettant de mettre en relation les acheteurs, les vendeurs et les investisseurs internationaux. Elle permettra \u00e9galement aux participants et aux visiteurs de pr\u00e9senter et de partager des informations sur les march\u00e9s et les opportunit\u00e9s d&rsquo;investissement afin de soutenir le commerce intra-africain et l&rsquo;int\u00e9gration \u00e9conomique du continent.<\/p>\n<p>Cet article <a rel=\"nofollow\" href=\"https:\/\/www.journalducameroun.com\/lafrique-du-sud-accueille-la-foire-intra-africaine\/\">L\u2019Afrique du Sud accueille la Foire intra-africaine<\/a> est apparu en premier sur <a rel=\"nofollow\" href=\"https:\/\/www.journalducameroun.com\/\">Journal du Cameroun<\/a>.<\/p>\n<\/div>\n<p>Auteur: APA News<br \/>\n<a href=\"https:\/\/www.journalducameroun.com\/lafrique-du-sud-accueille-la-foire-intra-africaine\/\">Cliquez ici pour lire l&rsquo;article depuis sa source.<\/a><\/p>\n","protected":false},"excerpt":{"rendered":"<p>L&rsquo;\u00e9v\u00e8nement permettra aux participants de partager des informations sur les march\u00e9s et les opportunit\u00e9s d&rsquo;investissement afin de soutenir le commerce intra-africain.La Foire commerciale intra-africaine 2021 (IATF 2021, sigle anglais) se tient du 15 au 21 novembre \u00e0 Durban, ville portuaire d&rsquo;Afrique du Sud. Plus de 10.000 visiteurs y sont attendus. Pour le gouvernement sud-africain, elle [&hellip;]<\/p>\n","protected":false},"author":1965,"featured_media":0,"comment_status":"closed","ping_status":"closed","sticky":false,"template":"","format":"standard","meta":{"fifu_image_url":"https:\/\/www.journalducameroun.com\/wp-content\/uploads\/2021\/11\/16361290822257.jpg","fifu_image_alt":"L\u2019Afrique du Sud accueille la Foire intra-africaine","footnotes":""},"categories":[73,82],"tags":[],"class_list":["post-132074","post","type-post","status-publish","format-standard","hentry","category-actualite","category-cameroun"],"_links":{"self":[{"href":"https:\/\/linitiative.ca\/International\/wp-json\/wp\/v2\/posts\/132074","targetHints":{"allow":["GET"]}}],"collection":[{"href":"https:\/\/linitiative.ca\/International\/wp-json\/wp\/v2\/posts"}],"about":[{"href":"https:\/\/linitiative.ca\/International\/wp-json\/wp\/v2\/types\/post"}],"author":[{"embeddable":true,"href":"https:\/\/linitiative.ca\/International\/wp-json\/wp\/v2\/users\/1965"}],"replies":[{"embeddable":true,"href":"https:\/\/linitiative.ca\/International\/wp-json\/wp\/v2\/comments?post=132074"}],"version-history":[{"count":0,"href":"https:\/\/linitiative.ca\/International\/wp-json\/wp\/v2\/posts\/132074\/revisions"}],"wp:attachment":[{"href":"https:\/\/linitiative.ca\/International\/wp-json\/wp\/v2\/media?parent=132074"}],"wp:term":[{"taxonomy":"category","embeddable":true,"href":"https:\/\/linitiative.ca\/International\/wp-json\/wp\/v2\/categories?post=132074"},{"taxonomy":"post_tag","embeddable":true,"href":"https:\/\/linitiative.ca\/International\/wp-json\/wp\/v2\/tags?post=132074"}],"curies":[{"name":"wp","href":"https:\/\/api.w.org\/{rel}","templated":true}]}}