{"id":132077,"date":"2021-11-05T15:18:02","date_gmt":"2021-11-05T19:18:02","guid":{"rendered":"https:\/\/linitiative.ca\/International\/cote-divoire-un-gendarme-condamne-a-2-ans-de-prison-ferme-pour-racket\/"},"modified":"2021-11-05T15:18:02","modified_gmt":"2021-11-05T19:18:02","slug":"cote-divoire-un-gendarme-condamne-a-2-ans-de-prison-ferme-pour-racket","status":"publish","type":"post","link":"https:\/\/linitiative.ca\/International\/cote-divoire-un-gendarme-condamne-a-2-ans-de-prison-ferme-pour-racket\/","title":{"rendered":"C\u00f4te d\u2019Ivoire: un gendarme condamn\u00e9 \u00e0 2 ans de prison ferme pour racket"},"content":{"rendered":"<div>\n<p><img loading=\"lazy\" decoding=\"async\" width=\"700\" height=\"400\" src=\"https:\/\/linitiative.ca\/International\/wp-content\/uploads\/sites\/23\/2021\/11\/16361398822212.jpg\" class=\"attachment-post-thumbnail size-post-thumbnail wp-post-image\" alt=\"\" srcset=\"https:\/\/linitiative.ca\/International\/wp-content\/uploads\/sites\/23\/2021\/11\/16361398822212.jpg 700w, https:\/\/www.journalducameroun.com\/wp-content\/uploads\/2021\/11\/16361398822212-300x171.jpg 300w, https:\/\/www.journalducameroun.com\/wp-content\/uploads\/2021\/11\/16361398822212-160x90.jpg 160w, https:\/\/www.journalducameroun.com\/wp-content\/uploads\/2021\/11\/16361398822212-350x200.jpg 350w, https:\/\/www.journalducameroun.com\/wp-content\/uploads\/2021\/11\/16361398822212-600x343.jpg 600w\" sizes=\"auto, (max-width: 700px) 100vw, 700px\"><\/p>\n<p>Le tribunal militaire d&rsquo;Abidjan a condamn\u00e9 vendredi un gendarme \u00e0 deux ans d&#8217;emprisonnement ferme pour racket, \u00e0 l&rsquo;issue d&rsquo;un proc\u00e8s marquant l&rsquo;ouverture de la rentr\u00e9e judiciaire 2021-2022.<\/p>\n<p>Reconnu \u00ab\u00a0coupable d&rsquo;extorsion de fonds et de violation de consignes\u00a0\u00bb, le mar\u00e9chal des logis Dadi\u00e9 Tanoh a \u00e9t\u00e9 condamn\u00e9 par le tribunal militaire \u00e0 \u00ab\u00a024 mois d&#8217;emprisonnement ferme et \u00e0 100.000 Fcfa d&rsquo;amende\u00a0\u00bb.\u00a0<\/p>\n<p>Un deuxi\u00e8me verdict, concernait \u00e9galement un gendarme, Roger Yapi Yapo, d\u00e9clar\u00e9 \u00ab\u00a0non-coupable\u00a0\u00bb des faits de racket. Sur huit pr\u00e9venus comprenant un policier et sept gendarmes, seulement deux d\u00e9cisions ont \u00e9t\u00e9 rendues.<\/p>\n<p>Le tribunal militaire d&rsquo;Abidjan a renvoy\u00e9 six affaires pour \u00ab\u00a0compl\u00e9ment d&rsquo;enqu\u00eate\u00a0\u00bb et instruit le \u00a0minist\u00e8re public de s&rsquo;assurer que \u00ab\u00a0les enqu\u00eates couvrent un large spectre des faits\u00a0\u00bb reproch\u00e9s aux pr\u00e9venus. \u00a0<\/p>\n<p>Plus d&rsquo;une soixantaine de dossiers de rackets impliquant des policiers et des gendarmes, \u00e0 travers le territoire national ivoirien, devraient \u00eatre jug\u00e9s lors de cette rentr\u00e9e judiciaire, qui s&rsquo;\u00e9tend jusqu&rsquo;au mois de juillet 2022.\u00a0<\/p>\n<p>Cet article <a rel=\"nofollow\" href=\"https:\/\/www.journalducameroun.com\/cote-divoire-un-gendarme-condamne-a-2-ans-de-prison-ferme-pour-racket\/\">C\u00f4te d\u2019Ivoire: un gendarme condamn\u00e9 \u00e0 2 ans de prison ferme pour racket<\/a> est apparu en premier sur <a rel=\"nofollow\" href=\"https:\/\/www.journalducameroun.com\/\">Journal du Cameroun<\/a>.<\/p>\n<\/div>\n<p>Auteur: APA News<br \/>\n<a href=\"https:\/\/www.journalducameroun.com\/cote-divoire-un-gendarme-condamne-a-2-ans-de-prison-ferme-pour-racket\/\">Cliquez ici pour lire l&rsquo;article depuis sa source.<\/a><\/p>\n","protected":false},"excerpt":{"rendered":"<p>Le tribunal militaire d&rsquo;Abidjan a condamn\u00e9 vendredi un gendarme \u00e0 deux ans d&#8217;emprisonnement ferme pour racket, \u00e0 l&rsquo;issue d&rsquo;un proc\u00e8s marquant l&rsquo;ouverture de la rentr\u00e9e judiciaire 2021-2022. Reconnu \u00ab\u00a0coupable d&rsquo;extorsion de fonds et de violation de consignes\u00a0\u00bb, le mar\u00e9chal des logis Dadi\u00e9 Tanoh a \u00e9t\u00e9 condamn\u00e9 par le tribunal militaire \u00e0 \u00ab\u00a024 mois d&#8217;emprisonnement ferme [&hellip;]<\/p>\n","protected":false},"author":1965,"featured_media":0,"comment_status":"closed","ping_status":"closed","sticky":false,"template":"","format":"standard","meta":{"fifu_image_url":"https:\/\/www.journalducameroun.com\/wp-content\/uploads\/2021\/11\/16361398822212.jpg","fifu_image_alt":"C\u00f4te d\u2019Ivoire: un gendarme condamn\u00e9 \u00e0 2 ans de prison ferme pour racket","footnotes":""},"categories":[73,82],"tags":[],"class_list":["post-132077","post","type-post","status-publish","format-standard","hentry","category-actualite","category-cameroun"],"_links":{"self":[{"href":"https:\/\/linitiative.ca\/International\/wp-json\/wp\/v2\/posts\/132077","targetHints":{"allow":["GET"]}}],"collection":[{"href":"https:\/\/linitiative.ca\/International\/wp-json\/wp\/v2\/posts"}],"about":[{"href":"https:\/\/linitiative.ca\/International\/wp-json\/wp\/v2\/types\/post"}],"author":[{"embeddable":true,"href":"https:\/\/linitiative.ca\/International\/wp-json\/wp\/v2\/users\/1965"}],"replies":[{"embeddable":true,"href":"https:\/\/linitiative.ca\/International\/wp-json\/wp\/v2\/comments?post=132077"}],"version-history":[{"count":0,"href":"https:\/\/linitiative.ca\/International\/wp-json\/wp\/v2\/posts\/132077\/revisions"}],"wp:attachment":[{"href":"https:\/\/linitiative.ca\/International\/wp-json\/wp\/v2\/media?parent=132077"}],"wp:term":[{"taxonomy":"category","embeddable":true,"href":"https:\/\/linitiative.ca\/International\/wp-json\/wp\/v2\/categories?post=132077"},{"taxonomy":"post_tag","embeddable":true,"href":"https:\/\/linitiative.ca\/International\/wp-json\/wp\/v2\/tags?post=132077"}],"curies":[{"name":"wp","href":"https:\/\/api.w.org\/{rel}","templated":true}]}}