{"id":132079,"date":"2021-11-05T15:18:02","date_gmt":"2021-11-05T19:18:02","guid":{"rendered":"https:\/\/linitiative.ca\/International\/libye-des-demandeurs-dasile-evacues-vers-le-niger\/"},"modified":"2021-11-05T15:18:02","modified_gmt":"2021-11-05T19:18:02","slug":"libye-des-demandeurs-dasile-evacues-vers-le-niger","status":"publish","type":"post","link":"https:\/\/linitiative.ca\/International\/libye-des-demandeurs-dasile-evacues-vers-le-niger\/","title":{"rendered":"Libye : des demandeurs d\u2019asile \u00e9vacu\u00e9s vers le Niger"},"content":{"rendered":"<div>\n<p><img loading=\"lazy\" decoding=\"async\" width=\"800\" height=\"565\" src=\"https:\/\/linitiative.ca\/International\/wp-content\/uploads\/sites\/23\/2021\/11\/16361398826344.jpg\" class=\"attachment-post-thumbnail size-post-thumbnail wp-post-image\" alt=\"\" srcset=\"https:\/\/linitiative.ca\/International\/wp-content\/uploads\/sites\/23\/2021\/11\/16361398826344.jpg 800w, https:\/\/www.journalducameroun.com\/wp-content\/uploads\/2021\/11\/16361398826344-300x212.jpg 300w, https:\/\/www.journalducameroun.com\/wp-content\/uploads\/2021\/11\/16361398826344-768x542.jpg 768w, https:\/\/www.journalducameroun.com\/wp-content\/uploads\/2021\/11\/16361398826344-623x440.jpg 623w, https:\/\/www.journalducameroun.com\/wp-content\/uploads\/2021\/11\/16361398826344-600x424.jpg 600w\" sizes=\"auto, (max-width: 800px) 100vw, 800px\"><\/p>\n<p>Le Haut-Commissariat des Nations unies pour les r\u00e9fugi\u00e9s (HCR) annonce avoir \u00e9vacu\u00e9 172 demandeurs d&rsquo;asile vuln\u00e9rables de Libye vers le Niger dans la soir\u00e9e du 4 novembre.Il s&rsquo;agissait du premier vol d&rsquo;\u00e9vacuation vers le Niger depuis plus d&rsquo;un an. Celui-ci fait suite \u00e0 la lev\u00e9e par les autorit\u00e9s libyennes d&rsquo;une interdiction des vols humanitaires. Les personnes \u00e9vacu\u00e9es ont \u00e9t\u00e9 d\u00e9tenues dans des conditions extr\u00eamement difficiles, ont \u00e9t\u00e9 victimes de traite ou ont subi des violences en Libye, explique le HCR dans un communiqu\u00e9 parvenu vendredi \u00e0 APA.<\/p>\n<p>\u00ab Le HCR est soulag\u00e9 de voir la reprise de ces vols d&rsquo;\u00e9vacuation vitaux \u00bb, a d\u00e9clar\u00e9 le chef de mission du HCR en Libye, Jean-Paul Cavalieri, cit\u00e9 par la note. \u00ab Cependant,\u00a0pr\u00e9cise-t-il, compte tenu du nombre limit\u00e9 de places, l&rsquo;\u00e9vacuation ne peut \u00eatre une solution que pour des personnes extr\u00eamement vuln\u00e9rables, ayant un besoin urgent de s\u00e9curit\u00e9 et de protection \u00bb.<\/p>\n<p>Le groupe \u00e9vacu\u00e9 comprend des familles, des enfants voyageant seuls et un b\u00e9b\u00e9 n\u00e9 il y a seulement quelques semaines, informe l&rsquo;organisme onusien.<\/p>\n<p>Cette \u00e9vacuation a eu lieu gr\u00e2ce au m\u00e9canisme de transit d&rsquo;urgence (Emergency Transit Mechanism, ETM) mis en place en 2017 en partenariat avec le gouvernement du Niger. Ce dernier a accept\u00e9 d&rsquo;accueillir temporairement sur son territoire des r\u00e9fugi\u00e9s confront\u00e9s \u00e0 des situations de danger de mort en Libye afin que le HCR puisse travailler \u00e0 l&rsquo;identification de solutions durables pour chacun d&rsquo;entre eux.<\/p>\n<p>Au Niger, le HCR apporte un soutien en mati\u00e8re de soins de sant\u00e9 mentale \u00e0 ceux qui ont \u00e9t\u00e9 confront\u00e9s \u00e0 des traumatismes pendant leur s\u00e9jour en Libye, ainsi qu&rsquo;un acc\u00e8s \u00e0 des possibilit\u00e9s de formation professionnelle.<\/p>\n<p>A ce jour, 3361 r\u00e9fugi\u00e9s et demandeurs d&rsquo;asile ont \u00e9t\u00e9 \u00e9vacu\u00e9s de Libye vers le Niger. Parmi eux, 3213 ont quitt\u00e9 le Niger vers des pays tiers dans le cadre du m\u00e9canisme de r\u00e9installation et de voies compl\u00e9mentaires.<\/p>\n<p>Cet article <a rel=\"nofollow\" href=\"https:\/\/www.journalducameroun.com\/libye-des-demandeurs-dasile-evacues-vers-le-niger\/\">Libye : des demandeurs d\u2019asile \u00e9vacu\u00e9s vers le Niger<\/a> est apparu en premier sur <a rel=\"nofollow\" href=\"https:\/\/www.journalducameroun.com\/\">Journal du Cameroun<\/a>.<\/p>\n<\/div>\n<p>Auteur: APA News<br \/>\n<a href=\"https:\/\/www.journalducameroun.com\/libye-des-demandeurs-dasile-evacues-vers-le-niger\/\">Cliquez ici pour lire l&rsquo;article depuis sa source.<\/a><\/p>\n","protected":false},"excerpt":{"rendered":"<p>Le Haut-Commissariat des Nations unies pour les r\u00e9fugi\u00e9s (HCR) annonce avoir \u00e9vacu\u00e9 172 demandeurs d&rsquo;asile vuln\u00e9rables de Libye vers le Niger dans la soir\u00e9e du 4 novembre.Il s&rsquo;agissait du premier vol d&rsquo;\u00e9vacuation vers le Niger depuis plus d&rsquo;un an. Celui-ci fait suite \u00e0 la lev\u00e9e par les autorit\u00e9s libyennes d&rsquo;une interdiction des vols humanitaires. Les [&hellip;]<\/p>\n","protected":false},"author":1965,"featured_media":0,"comment_status":"closed","ping_status":"closed","sticky":false,"template":"","format":"standard","meta":{"fifu_image_url":"https:\/\/www.journalducameroun.com\/wp-content\/uploads\/2021\/11\/16361398826344.jpg","fifu_image_alt":"Libye : des demandeurs d\u2019asile \u00e9vacu\u00e9s vers le Niger","footnotes":""},"categories":[73,82],"tags":[],"class_list":["post-132079","post","type-post","status-publish","format-standard","hentry","category-actualite","category-cameroun"],"_links":{"self":[{"href":"https:\/\/linitiative.ca\/International\/wp-json\/wp\/v2\/posts\/132079","targetHints":{"allow":["GET"]}}],"collection":[{"href":"https:\/\/linitiative.ca\/International\/wp-json\/wp\/v2\/posts"}],"about":[{"href":"https:\/\/linitiative.ca\/International\/wp-json\/wp\/v2\/types\/post"}],"author":[{"embeddable":true,"href":"https:\/\/linitiative.ca\/International\/wp-json\/wp\/v2\/users\/1965"}],"replies":[{"embeddable":true,"href":"https:\/\/linitiative.ca\/International\/wp-json\/wp\/v2\/comments?post=132079"}],"version-history":[{"count":0,"href":"https:\/\/linitiative.ca\/International\/wp-json\/wp\/v2\/posts\/132079\/revisions"}],"wp:attachment":[{"href":"https:\/\/linitiative.ca\/International\/wp-json\/wp\/v2\/media?parent=132079"}],"wp:term":[{"taxonomy":"category","embeddable":true,"href":"https:\/\/linitiative.ca\/International\/wp-json\/wp\/v2\/categories?post=132079"},{"taxonomy":"post_tag","embeddable":true,"href":"https:\/\/linitiative.ca\/International\/wp-json\/wp\/v2\/tags?post=132079"}],"curies":[{"name":"wp","href":"https:\/\/api.w.org\/{rel}","templated":true}]}}