{"id":132102,"date":"2021-11-06T11:51:04","date_gmt":"2021-11-06T15:51:04","guid":{"rendered":"https:\/\/linitiative.ca\/International\/entrepreneuriat-formation-quelque-25-femmes-rurales-beneficiaires\/"},"modified":"2021-11-06T11:51:04","modified_gmt":"2021-11-06T15:51:04","slug":"entrepreneuriat-formation-quelque-25-femmes-rurales-beneficiaires","status":"publish","type":"post","link":"https:\/\/linitiative.ca\/International\/entrepreneuriat-formation-quelque-25-femmes-rurales-beneficiaires\/","title":{"rendered":"Entrepreneuriat\/formation: Quelque 25 femmes rurales b\u00e9n\u00e9ficiaires"},"content":{"rendered":"<div>\n<div style=\"margin-bottom:20px;\"><img loading=\"lazy\" decoding=\"async\" width=\"750\" height=\"430\" src=\"https:\/\/linitiative.ca\/International\/wp-content\/uploads\/sites\/23\/2021\/11\/safi-ville-1-copier.jpg\" class=\"attachment-post-thumbnail size-post-thumbnail wp-post-image\" alt=\"\" srcset=\"https:\/\/linitiative.ca\/International\/wp-content\/uploads\/sites\/23\/2021\/11\/safi-ville-1-copier.jpg 750w, http:\/\/www.mapmarrakech.ma\/map\/uploads\/2021\/11\/safi-ville-1-copier-300x172.jpg 300w\" sizes=\"auto, (max-width: 750px) 100vw, 750px\"><\/div>\n<p>Organis\u00e9 par Enactus-Maroc dans le cadre du programme III \u00ab\u00a0Am\u00e9lioration du revenu et inclusion \u00e9conomique des jeunes\u00a0\u00bb, de l\u2019Initiative Nationale pour le D\u00e9veloppement Humain (INDH), ce programme d\u2019accompagnement est baptis\u00e9 \u00ab\u00a0Start-Elles\u00a0\u00bb.<\/p>\n<p>Ce programme sp\u00e9cialement d\u00e9di\u00e9 \u00e0 la femme rurale, a \u00e9t\u00e9 mis en place afin de cr\u00e9er des id\u00e9es de projets et d\u2019am\u00e9liorer les projets existants qui r\u00e9pondent au besoin de l\u2019\u00e9cosyst\u00e8me rurale au sein de la province de Safi.<\/p>\n<p>Dans une d\u00e9claration \u00e0 la MAP, M. Youssef Chaqroun, Manager r\u00e9gional d\u2019Enactus \u00e0 Marrakech-Safi, a indiqu\u00e9 que cette initiative socio\u00e9conomique vise \u00e0 encourager l\u2019entrepreneuriat f\u00e9minin et \u00e0 am\u00e9liorer les conditions socio-\u00e9conomiques des femmes rurales.<\/p>\n<p>Cette formation comprenait des ateliers sur l\u2019appui et l\u2019accompagnement pr\u00e9 et post cr\u00e9ation de projets, l\u2019\u00e9tude de march\u00e9s, le marketing, et le prototypage, encadr\u00e9s par les cadres du Centre R\u00e9gional d\u2019investissement (CRI) de Marrakech-Safi et des cadres techniques de l\u2019Office National du Conseil Agricole (ONCA), a-t-il ajout\u00e9.<\/p>\n<p>Des experts repr\u00e9sentants des institutions de financement ont \u00e9t\u00e9 invit\u00e9s \u00e0 expliquer aux femmes, les proc\u00e9dures \u00e0 accomplir pour b\u00e9n\u00e9ficier des programmes de financement des banques, a-t-il pr\u00e9cis\u00e9.<\/p>\n<p>M.Chaqroun a, dans ce sens, fait savoir que les projets des femmes rurales qui seront s\u00e9lectionn\u00e9s, vont b\u00e9n\u00e9ficier d\u2019une formation d\u2019une dur\u00e9e de 3 mois et d\u2019un accompagnement financier dans la fourchette de 100.000 DH \u00e0 200.000 DH pour la cr\u00e9ation de leurs projets.<\/p>\n<p>Lors de cette session de formation, des femmes rurales ayant d\u00e9j\u00e0 b\u00e9n\u00e9fici\u00e9 d\u2019encadrement en mati\u00e8re d\u2019entrepreneuriat, ont livr\u00e9 des t\u00e9moignages sur leurs exp\u00e9riences r\u00e9ussies.<\/p>\n<p>De m\u00eame, un panel \u00e0 la fin du Boot-Camp a \u00e9t\u00e9 l\u2019occasion de relater tous les programmes d\u2019appui aux jeunes porteurs d\u2019id\u00e9es et faciliter l\u2019acc\u00e8s \u00e0 l\u2019information pour ces femmes rurales futurs entrepreneurs.<\/p>\n<p>The post <a rel=\"nofollow\" href=\"http:\/\/www.mapmarrakech.ma\/fr\/entrepreneuriat-formation-quelque-25-femmes-rurales-beneficiaires\/\">Entrepreneuriat\/formation: Quelque 25 femmes rurales b\u00e9n\u00e9ficiaires<\/a> appeared first on <a rel=\"nofollow\" href=\"http:\/\/www.mapmarrakech.ma\/fr\">MapMarrakech<\/a>.<\/p>\n<\/div>\n<p>Auteur: Meriem IGASS<br \/>\n<a href=\"http:\/\/www.mapmarrakech.ma\/fr\/entrepreneuriat-formation-quelque-25-femmes-rurales-beneficiaires\/\">Cliquez ici pour lire l&rsquo;article depuis sa source.<\/a><\/p>\n","protected":false},"excerpt":{"rendered":"<p>Organis\u00e9 par Enactus-Maroc dans le cadre du programme III \u00ab\u00a0Am\u00e9lioration du revenu et inclusion \u00e9conomique des jeunes\u00a0\u00bb, de l\u2019Initiative Nationale pour le D\u00e9veloppement Humain (INDH), ce programme d\u2019accompagnement est baptis\u00e9 \u00ab\u00a0Start-Elles\u00a0\u00bb. Ce programme sp\u00e9cialement d\u00e9di\u00e9 \u00e0 la femme rurale, a \u00e9t\u00e9 mis en place afin de cr\u00e9er des id\u00e9es de projets et d\u2019am\u00e9liorer les projets [&hellip;]<\/p>\n","protected":false},"author":1788,"featured_media":0,"comment_status":"closed","ping_status":"closed","sticky":false,"template":"","format":"standard","meta":{"fifu_image_url":"http:\/\/www.mapmarrakech.ma\/map\/uploads\/2021\/11\/safi-ville-1-copier.jpg","fifu_image_alt":"Entrepreneuriat\/formation: Quelque 25 femmes rurales b\u00e9n\u00e9ficiaires","footnotes":""},"categories":[54,76],"tags":[],"class_list":["post-132102","post","type-post","status-publish","format-standard","hentry","category-maroc","category-regions"],"_links":{"self":[{"href":"https:\/\/linitiative.ca\/International\/wp-json\/wp\/v2\/posts\/132102","targetHints":{"allow":["GET"]}}],"collection":[{"href":"https:\/\/linitiative.ca\/International\/wp-json\/wp\/v2\/posts"}],"about":[{"href":"https:\/\/linitiative.ca\/International\/wp-json\/wp\/v2\/types\/post"}],"author":[{"embeddable":true,"href":"https:\/\/linitiative.ca\/International\/wp-json\/wp\/v2\/users\/1788"}],"replies":[{"embeddable":true,"href":"https:\/\/linitiative.ca\/International\/wp-json\/wp\/v2\/comments?post=132102"}],"version-history":[{"count":0,"href":"https:\/\/linitiative.ca\/International\/wp-json\/wp\/v2\/posts\/132102\/revisions"}],"wp:attachment":[{"href":"https:\/\/linitiative.ca\/International\/wp-json\/wp\/v2\/media?parent=132102"}],"wp:term":[{"taxonomy":"category","embeddable":true,"href":"https:\/\/linitiative.ca\/International\/wp-json\/wp\/v2\/categories?post=132102"},{"taxonomy":"post_tag","embeddable":true,"href":"https:\/\/linitiative.ca\/International\/wp-json\/wp\/v2\/tags?post=132102"}],"curies":[{"name":"wp","href":"https:\/\/api.w.org\/{rel}","templated":true}]}}