{"id":132104,"date":"2021-11-06T11:58:21","date_gmt":"2021-11-06T15:58:21","guid":{"rendered":"https:\/\/linitiative.ca\/International\/lancement-de-la-5e-saison-de-ses-ateliers-decriture-poetique\/"},"modified":"2021-11-06T11:58:21","modified_gmt":"2021-11-06T15:58:21","slug":"lancement-de-la-5e-saison-de-ses-ateliers-decriture-poetique","status":"publish","type":"post","link":"https:\/\/linitiative.ca\/International\/lancement-de-la-5e-saison-de-ses-ateliers-decriture-poetique\/","title":{"rendered":"Lancement de la 5\u00e8 saison de ses ateliers d\u2019\u00e9criture po\u00e9tique"},"content":{"rendered":"<div>\n<div style=\"margin-bottom:20px;\"><img loading=\"lazy\" decoding=\"async\" width=\"750\" height=\"430\" src=\"https:\/\/linitiative.ca\/International\/wp-content\/uploads\/sites\/23\/2021\/11\/confinement-et-Ramadan-Marrakech-copier.jpg\" class=\"attachment-post-thumbnail size-post-thumbnail wp-post-image\" alt=\"\" srcset=\"https:\/\/linitiative.ca\/International\/wp-content\/uploads\/sites\/23\/2021\/11\/confinement-et-Ramadan-Marrakech-copier.jpg 750w, http:\/\/www.mapmarrakech.ma\/map\/uploads\/2021\/10\/confinement-et-Ramadan-Marrakech-copier-300x172.jpg 300w\" sizes=\"auto, (max-width: 750px) 100vw, 750px\"><\/div>\n<p>Ainsi, dans le cadre de cette s\u00e9rie d\u2019ateliers qui se poursuivront jusqu\u2019\u00e0 fin mai prochain, le premier a \u00e9t\u00e9 consacr\u00e9 aux th\u00e8mes des \u00ab\u00a0figures de style dans le langage po\u00e9tique\u00a0\u00bb en partant de l\u2019exp\u00e9rience cr\u00e9ative et des recueils du po\u00e8te palestinien Mahmoud Darwich.<\/p>\n<p>A noter que ces ateliers qui se proposent de garantir l\u2019apprentissage des techniques de l\u2019\u00e9criture po\u00e9tique, ciblent aussi bien les jeunes passionn\u00e9s par cet art que les po\u00e8tes en herbe.<\/p>\n<p>Eu \u00e9gard aux r\u00e9sultats encourageants des ateliers pr\u00e9c\u00e9dents, cet \u00e9v\u00e9nement qui s\u2019ins\u00e8re dans le cadre du programme culturel et artistique annuel de la Maison de la Po\u00e9sie, vise en premier lieu \u00e0 initier les enfants et les jeunes aux techniques litt\u00e9raires et \u00e9l\u00e9mentaires de l\u2019\u00e9criture po\u00e9tique en langue arabe.<\/p>\n<p>Depuis sa cr\u00e9ation en septembre 2017, la Maison de la po\u00e9sie de Marrakech organise des ateliers d\u2019\u00e9criture po\u00e9tique, au profit des enfants dans le cadre de l\u2019\u00e9mission \u00ab\u00a0Un po\u00e8te, invit\u00e9 des enfants\u00a0\u00bb et au profit des jeunes et du public concern\u00e9.<\/p>\n<p>Ces programmes visent \u00e0 relier cette structure culturelle \u00e0 son tissu social et sensibiliser \u00e0 l\u2019importance de l\u2019\u00e9criture po\u00e9tique pour les jeunes et enfants que ce soit dans le milieu scolaire et ou au niveau de la sc\u00e8ne associative et culturelle dans la cit\u00e9 ocre.<\/p>\n<p>Pour rappel, ces ateliers d\u2019\u00e9criture po\u00e9tique sont encadr\u00e9s par le critique litt\u00e9raire et po\u00e8te, M.Abdellatif Skhiri.<\/p>\n<p>Cr\u00e9\u00e9e en septembre 2017, en vertu d\u2019un partenariat entre le minist\u00e8re de la Culture et de la communication et le D\u00e9partement de la culture et de la communication au gouvernement de Sharjah aux Emirats Arabes Unis (EEAU), la Maison de la po\u00e9sie de Marrakech se donne pour mission la promotion des cr\u00e9ations po\u00e9tiques, la valorisation et la documentation de la po\u00e9sie marocaine.<\/p>\n<p>The post <a rel=\"nofollow\" href=\"http:\/\/www.mapmarrakech.ma\/fr\/lancement-de-la-5e-saison-de-ses-ateliers-decriture-poetique\/\">Lancement de la 5\u00e8 saison de ses ateliers d\u2019\u00e9criture po\u00e9tique<\/a> appeared first on <a rel=\"nofollow\" href=\"http:\/\/www.mapmarrakech.ma\/fr\">MapMarrakech<\/a>.<\/p>\n<\/div>\n<p>Auteur: Meriem IGASS<br \/>\n<a href=\"http:\/\/www.mapmarrakech.ma\/fr\/lancement-de-la-5e-saison-de-ses-ateliers-decriture-poetique\/\">Cliquez ici pour lire l&rsquo;article depuis sa source.<\/a><\/p>\n","protected":false},"excerpt":{"rendered":"<p>Ainsi, dans le cadre de cette s\u00e9rie d\u2019ateliers qui se poursuivront jusqu\u2019\u00e0 fin mai prochain, le premier a \u00e9t\u00e9 consacr\u00e9 aux th\u00e8mes des \u00ab\u00a0figures de style dans le langage po\u00e9tique\u00a0\u00bb en partant de l\u2019exp\u00e9rience cr\u00e9ative et des recueils du po\u00e8te palestinien Mahmoud Darwich. A noter que ces ateliers qui se proposent de garantir l\u2019apprentissage des [&hellip;]<\/p>\n","protected":false},"author":1788,"featured_media":0,"comment_status":"closed","ping_status":"closed","sticky":false,"template":"","format":"standard","meta":{"fifu_image_url":"http:\/\/www.mapmarrakech.ma\/map\/uploads\/2021\/10\/confinement-et-Ramadan-Marrakech-copier.jpg","fifu_image_alt":"Lancement de la 5\u00e8 saison de ses ateliers d\u2019\u00e9criture po\u00e9tique","footnotes":""},"categories":[54,76],"tags":[],"class_list":["post-132104","post","type-post","status-publish","format-standard","hentry","category-maroc","category-regions"],"_links":{"self":[{"href":"https:\/\/linitiative.ca\/International\/wp-json\/wp\/v2\/posts\/132104","targetHints":{"allow":["GET"]}}],"collection":[{"href":"https:\/\/linitiative.ca\/International\/wp-json\/wp\/v2\/posts"}],"about":[{"href":"https:\/\/linitiative.ca\/International\/wp-json\/wp\/v2\/types\/post"}],"author":[{"embeddable":true,"href":"https:\/\/linitiative.ca\/International\/wp-json\/wp\/v2\/users\/1788"}],"replies":[{"embeddable":true,"href":"https:\/\/linitiative.ca\/International\/wp-json\/wp\/v2\/comments?post=132104"}],"version-history":[{"count":0,"href":"https:\/\/linitiative.ca\/International\/wp-json\/wp\/v2\/posts\/132104\/revisions"}],"wp:attachment":[{"href":"https:\/\/linitiative.ca\/International\/wp-json\/wp\/v2\/media?parent=132104"}],"wp:term":[{"taxonomy":"category","embeddable":true,"href":"https:\/\/linitiative.ca\/International\/wp-json\/wp\/v2\/categories?post=132104"},{"taxonomy":"post_tag","embeddable":true,"href":"https:\/\/linitiative.ca\/International\/wp-json\/wp\/v2\/tags?post=132104"}],"curies":[{"name":"wp","href":"https:\/\/api.w.org\/{rel}","templated":true}]}}