{"id":132106,"date":"2021-11-05T20:28:18","date_gmt":"2021-11-06T00:28:18","guid":{"rendered":"https:\/\/linitiative.ca\/International\/une-conference-nationale-a-oujda-examine-le-role-des-medias-dans-le-nmd\/"},"modified":"2021-11-05T20:28:18","modified_gmt":"2021-11-06T00:28:18","slug":"une-conference-nationale-a-oujda-examine-le-role-des-medias-dans-le-nmd","status":"publish","type":"post","link":"https:\/\/linitiative.ca\/International\/une-conference-nationale-a-oujda-examine-le-role-des-medias-dans-le-nmd\/","title":{"rendered":"Une conf\u00e9rence nationale \u00e0 Oujda examine le r\u00f4le des m\u00e9dias dans le NMD"},"content":{"rendered":"<div>\n<div style=\"margin-bottom:20px;\"><img loading=\"lazy\" decoding=\"async\" width=\"750\" height=\"430\" src=\"https:\/\/linitiative.ca\/International\/wp-content\/uploads\/sites\/23\/2021\/11\/Une-confC3A9rence-nationale-C3A0-Oujda-examine-le-rC3B4le-des-mC3A9dias-dans-le-NMD-750C397430-MAP.jpg\" class=\"attachment-post-thumbnail size-post-thumbnail wp-post-image\" alt=\"\" srcset=\"https:\/\/linitiative.ca\/International\/wp-content\/uploads\/sites\/23\/2021\/11\/Une-confC3A9rence-nationale-C3A0-Oujda-examine-le-rC3B4le-des-mC3A9dias-dans-le-NMD-750C397430-MAP.jpg 750w, http:\/\/www.mapoujda.ma\/map\/uploads\/2021\/11\/Une-conf\u00e9rence-nationale-\u00e0-Oujda-examine-le-r\u00f4le-des-m\u00e9dias-dans-le-NMD-750\u00d7430-MAP-300x172.jpg 300w\" sizes=\"auto, (max-width: 750px) 100vw, 750px\"><\/div>\n<div>\n<p style=\"text-align: justify;\">Une conf\u00e9rence nationale organis\u00e9e, vendredi \u00e0 Oujda, par la F\u00e9d\u00e9ration marocaine des \u00e9diteurs de journaux (FMEJ)-Section de l\u2019Oriental, a examin\u00e9 la position et le r\u00f4le des m\u00e9dias dans le Nouveau mod\u00e8le de d\u00e9veloppement (NMD).<\/p>\n<p style=\"text-align: justify;\">Les participants \u00e0 cette rencontre, mod\u00e9r\u00e9e par Mohamed Berrada, membre du bureau f\u00e9d\u00e9ral de la FMEJ, ont abord\u00e9 la situation et les perspectives de la presse et des m\u00e9dias au Maroc, mettant l\u2019accent sur la capacit\u00e9 de ce secteur \u00e0 mobiliser et sensibiliser autour des objectifs du NMD.<\/p>\n<p style=\"text-align: justify;\">Intervenant lors de cette conf\u00e9rence, le Directeur g\u00e9n\u00e9ral de la MAP, Khalil Hachimi Idrissi, a fait remarquer que le secteur de la presse est en difficult\u00e9 et m\u00e9rite une r\u00e9flexion approfondie sur son avenir, d\u2019autant plus qu\u2019il fait partie int\u00e9grante de la vie d\u00e9mocratique et doit, de ce fait, \u00eatre plac\u00e9 au c\u0153ur du Nouveau mod\u00e8le de d\u00e9veloppement.<\/p>\n<p style=\"text-align: justify;\">La presse marocaine est en crise, pas seulement \u00e0 cause de la pand\u00e9mie de la Covid-19, mais aussi en raison de plusieurs probl\u00e8mes structurels, notamment le \u00abtsunami\u00bb de la presse \u00e9lectronique, qui a rendu l\u2019investissement dans la presse imprim\u00e9e quasiment sans int\u00e9r\u00eat, la baisse des revenus publicitaires et l\u2019\u00e9vaporation du lectorat, habitu\u00e9 \u00e0 consommer de l\u2019information gratuite sur les r\u00e9seaux sociaux, a-t-il expliqu\u00e9.<\/p>\n<p style=\"text-align: justify;\">\u00abSi plus personne ne veut payer pour l\u2019information, qui va payer pour la recherche, la v\u00e9rification et l\u2019analyse de cette information ?\u00bb, s\u2019est interrog\u00e9 M. Hachimi Idrissi, avan\u00e7ant quelques id\u00e9es pour un nouveau mod\u00e8le \u00e9conomique de la presse, comme la taxation des grandes multinationales du web (GAFAM) qui exploitent les informations des entreprises de presse tout en s\u2019accaparant les trois quarts de la publicit\u00e9, ou encore l\u2019augmentation de la subvention de l\u2019Etat.<\/p>\n<p style=\"text-align: justify;\">Plus encore, c\u2019est le mod\u00e8le m\u00eame de l\u2019entreprise de presse qui doit \u00e9voluer, pour aller dans le sens d\u2019une organisation \u00e0 but non lucratif, a-t-il estim\u00e9, soulignant par ailleurs que le journaliste d\u2019aujourd\u2019hui se doit d\u2019\u00eatre polyvalent et op\u00e9rationnel sur les diff\u00e9rentes formes de supports m\u00e9diatiques.<\/p>\n<p style=\"text-align: justify;\">De son c\u00f4t\u00e9, le Directeur de l\u2019Institut sup\u00e9rieur de l\u2019information et de la communication (ISIC), Abdellatif Bensfia, a relev\u00e9 que le rapport sur le NMD a \u00e9voqu\u00e9 le r\u00f4le des m\u00e9dias dans diverses th\u00e9matiques, notamment celles li\u00e9es aux outils de participation politique et d\u2019insertion, au m\u00eame titre que les partis politiques, le parlement ou la soci\u00e9t\u00e9 civile.<\/p>\n<p style=\"text-align: justify;\">Les m\u00e9dias sont aussi pr\u00e9sents dans le choix strat\u00e9gique relatif \u00e0 la promotion de la diversit\u00e9 culturelle en tant que levier d\u2019ouverture, de dialogue et de solidarit\u00e9, a-t-il affirm\u00e9, soulignant le r\u00f4le des sp\u00e9cialistes, des institutions et des acteurs du secteur dans la r\u00e9flexion autour des crit\u00e8res de fonctionnement des m\u00e9dias.<\/p>\n<p style=\"text-align: justify;\">Pour sa part, le Directeur r\u00e9gional de la Culture de l\u2019Oriental, Montassir Loukili, a mis l\u2019accent sur la fonction des m\u00e9dias et de la culture comme locomotive du d\u00e9veloppement, estimant que la pr\u00e9sence du volet culturel dans les m\u00e9dias doit \u00eatre renforc\u00e9e.<\/p>\n<p style=\"text-align: justify;\">Il a rappel\u00e9, dans ce sens, que des intellectuels et hommes des lettres ont \u00e9t\u00e9 \u00e0 l\u2019origine de la publication des premiers journaux en langue arabe dans le 19\u00e8me si\u00e8cle.<\/p>\n<p style=\"text-align: justify;\">Quant au Pr\u00e9sident du Club de la presse, Rachid Sebbahi, il a fait remarquer que le rapport sur le NMD s\u2019est limit\u00e9 \u00e0 \u00e9voquer, de mani\u00e8re assez vague, le r\u00f4le des m\u00e9dias dans la promotion de la diversit\u00e9 culturelle, alors que le secteur m\u00e9diatique se trouve, depuis son apparition, au c\u0153ur du processus de d\u00e9veloppement.<\/p>\n<p style=\"text-align: justify;\">Les responsables qui seront en charge de mettre en \u0153uvre le NMD doivent consid\u00e9rer les m\u00e9dias comme une composante essentielle du d\u00e9veloppement, compte tenu de leur capacit\u00e9 \u00e0 promouvoir et \u00e0 soutenir l\u2019action de d\u00e9veloppement, a-t-il insist\u00e9.<\/p>\n<p style=\"text-align: justify;\">Cette rencontre s\u2019est d\u00e9roul\u00e9e en pr\u00e9sence notamment du Pr\u00e9sident du Conseil local des oul\u00e9mas d\u2019Oujda, Mustapha Benhamza, du Directeur g\u00e9n\u00e9ral de l\u2019Agence de l\u2019Oriental, Mohamed Mbarki, du Pr\u00e9sident de la section de la FMEJ dans la r\u00e9gion de l\u2019Oriental, Mohamed El Herd et de plusieurs autres personnalit\u00e9s.<\/p>\n<\/div>\n<p>L\u2019article <a rel=\"nofollow\" href=\"http:\/\/www.mapoujda.ma\/fr\/une-conference-nationale-a-oujda-examine-le-role-des-medias-dans-le-nmd\/\">Une conf\u00e9rence nationale \u00e0 Oujda examine le r\u00f4le des m\u00e9dias dans le NMD<\/a> est apparu en premier sur <a rel=\"nofollow\" href=\"http:\/\/www.mapoujda.ma\/fr\">MapOujda<\/a>.<\/p>\n<\/div>\n<p>Auteur: Soufiane ELAHMAR<br \/>\n<a href=\"http:\/\/www.mapoujda.ma\/fr\/une-conference-nationale-a-oujda-examine-le-role-des-medias-dans-le-nmd\/\">Cliquez ici pour lire l&rsquo;article depuis sa source.<\/a><\/p>\n","protected":false},"excerpt":{"rendered":"<p>Une conf\u00e9rence nationale organis\u00e9e, vendredi \u00e0 Oujda, par la F\u00e9d\u00e9ration marocaine des \u00e9diteurs de journaux (FMEJ)-Section de l\u2019Oriental, a examin\u00e9 la position et le r\u00f4le des m\u00e9dias dans le Nouveau mod\u00e8le de d\u00e9veloppement (NMD). Les participants \u00e0 cette rencontre, mod\u00e9r\u00e9e par Mohamed Berrada, membre du bureau f\u00e9d\u00e9ral de la FMEJ, ont abord\u00e9 la situation et [&hellip;]<\/p>\n","protected":false},"author":1788,"featured_media":0,"comment_status":"closed","ping_status":"closed","sticky":false,"template":"","format":"standard","meta":{"fifu_image_url":"http:\/\/www.mapoujda.ma\/map\/uploads\/2021\/11\/Une-conf\u00e9rence-nationale-\u00e0-Oujda-examine-le-r\u00f4le-des-m\u00e9dias-dans-le-NMD-750\u00d7430-MAP.jpg","fifu_image_alt":"Une conf\u00e9rence nationale \u00e0 Oujda examine le r\u00f4le des m\u00e9dias dans le NMD","footnotes":""},"categories":[54,76],"tags":[],"class_list":["post-132106","post","type-post","status-publish","format-standard","hentry","category-maroc","category-regions"],"_links":{"self":[{"href":"https:\/\/linitiative.ca\/International\/wp-json\/wp\/v2\/posts\/132106","targetHints":{"allow":["GET"]}}],"collection":[{"href":"https:\/\/linitiative.ca\/International\/wp-json\/wp\/v2\/posts"}],"about":[{"href":"https:\/\/linitiative.ca\/International\/wp-json\/wp\/v2\/types\/post"}],"author":[{"embeddable":true,"href":"https:\/\/linitiative.ca\/International\/wp-json\/wp\/v2\/users\/1788"}],"replies":[{"embeddable":true,"href":"https:\/\/linitiative.ca\/International\/wp-json\/wp\/v2\/comments?post=132106"}],"version-history":[{"count":0,"href":"https:\/\/linitiative.ca\/International\/wp-json\/wp\/v2\/posts\/132106\/revisions"}],"wp:attachment":[{"href":"https:\/\/linitiative.ca\/International\/wp-json\/wp\/v2\/media?parent=132106"}],"wp:term":[{"taxonomy":"category","embeddable":true,"href":"https:\/\/linitiative.ca\/International\/wp-json\/wp\/v2\/categories?post=132106"},{"taxonomy":"post_tag","embeddable":true,"href":"https:\/\/linitiative.ca\/International\/wp-json\/wp\/v2\/tags?post=132106"}],"curies":[{"name":"wp","href":"https:\/\/api.w.org\/{rel}","templated":true}]}}