{"id":132108,"date":"2021-11-05T20:31:34","date_gmt":"2021-11-06T00:31:34","guid":{"rendered":"https:\/\/linitiative.ca\/International\/signature-a-oujda-du-livre-figures-de-la-presse-marocaine\/"},"modified":"2021-11-05T20:31:34","modified_gmt":"2021-11-06T00:31:34","slug":"signature-a-oujda-du-livre-figures-de-la-presse-marocaine","status":"publish","type":"post","link":"https:\/\/linitiative.ca\/International\/signature-a-oujda-du-livre-figures-de-la-presse-marocaine\/","title":{"rendered":"Signature \u00e0 Oujda du livre \u00ab Figures de la presse marocaine \u00bb"},"content":{"rendered":"<div>\n<div style=\"margin-bottom:20px;\"><img loading=\"lazy\" decoding=\"async\" width=\"750\" height=\"430\" src=\"https:\/\/linitiative.ca\/International\/wp-content\/uploads\/sites\/23\/2021\/11\/Figures-de-la-presse-marocaine-750C397430.jpg\" class=\"attachment-post-thumbnail size-post-thumbnail wp-post-image\" alt=\"\" srcset=\"https:\/\/linitiative.ca\/International\/wp-content\/uploads\/sites\/23\/2021\/11\/Figures-de-la-presse-marocaine-750C397430.jpg 750w, http:\/\/www.mapoujda.ma\/map\/uploads\/2021\/11\/Figures-de-la-presse-marocaine-750\u00d7430-300x172.jpg 300w\" sizes=\"auto, (max-width: 750px) 100vw, 750px\"><\/div>\n<div>\n<p style=\"text-align: justify;\">Le Centre d\u2019\u00e9tudes et de recherches humaines et sociales d\u2019Oujda (CERHSO) a accueilli, vendredi, une c\u00e9r\u00e9monie de pr\u00e9sentation et de signature de l\u2019ouvrage \u00ab\u00a0Figures de la presse marocaine\u00a0\u00bb, r\u00e9alis\u00e9 par le m\u00e9diateur de l\u2019Agence marocaine de presse (MAP), Driss Ajbali.<\/p>\n<p style=\"text-align: justify;\">Paru en langue fran\u00e7aise et publi\u00e9 par la MAP, ce livre se veut un annuaire biographique des journalistes ayant marqu\u00e9 la sc\u00e8ne m\u00e9diatique nationale, avec pour but de contribuer \u00e0 combler le manque en \u00e9critures acad\u00e9miques sur la presse au Maroc.<\/p>\n<p style=\"text-align: justify;\">Cette c\u00e9r\u00e9monie s\u2019est d\u00e9roul\u00e9e en marge de la conf\u00e9rence nationale sur le th\u00e8me \u00abLa place des m\u00e9dias dans le Nouveau mod\u00e8le de d\u00e9veloppement\u00bb, organis\u00e9e par la F\u00e9d\u00e9ration marocaine des \u00e9diteurs de journaux (FMEJ)-Section de l\u2019Oriental, avec la participation d\u2019\u00e9minents hommes des m\u00e9dias.<\/p>\n<p style=\"text-align: justify;\">Intervenant \u00e0 cette occasion, M. Ajbali a pass\u00e9 en revue les \u00e9tapes phares de la presse \u00e9crite au Maroc et ses sp\u00e9cificit\u00e9s, notamment la diff\u00e9rentiation entre presse \u00abpartisane\u00bb, \u00abofficielle\u00bb et \u00abind\u00e9pendante\u00bb et le \u00abdualisme linguistique\u00bb.<\/p>\n<p style=\"text-align: justify;\">Selon lui, la dichotomie entre \u00abpresse partisane\u00bb et \u00abpresse priv\u00e9e\u00bb doit devenir caduque, et il faut juste qu\u2019il y est \u00abune presse qui respecte les r\u00e8gles du m\u00e9tier\u00bb.<\/p>\n<p style=\"text-align: justify;\">Il a aussi \u00e9voqu\u00e9 la difficult\u00e9 d\u2019\u00e9crire sur le journaliste marocain, qui \u00abparle de tout mais personne ne parle de lui\u00bb, d\u2019autant plus que l\u2019id\u00e9e de d\u00e9part \u00e9tait de parler de 50 journalistes mais a \u00e9t\u00e9 \u00e9largie \u00e0 270.<\/p>\n<p style=\"text-align: justify;\">Il y a tr\u00e8s peu d\u2019\u00e9crits sur les journalistes et sur l\u2019histoire du journalisme au Maroc, a d\u00e9plor\u00e9 M. Ajbali, notant que tout un travail acad\u00e9mique reste \u00e0 faire sur ce sujet.<\/p>\n<p style=\"text-align: justify;\">La conf\u00e9rence nationale sur \u00abLa place des m\u00e9dias dans le Nouveau mod\u00e8le de d\u00e9veloppement\u00bb a connu la participation du Directeur g\u00e9n\u00e9ral de la MAP, Khalil Hachimi Idrissi, du Directeur de l\u2019Institut sup\u00e9rieur de l\u2019information et de la communication (ISIC), Abdellatif Bensfia, du Pr\u00e9sident du Club de la presse, Rachid Sebbahi et du Directeur r\u00e9gional de la Culture de l\u2019Oriental, Montassir Loukili, et a \u00e9t\u00e9 mod\u00e9r\u00e9e par Mohamed Berrada, membre du bureau f\u00e9d\u00e9ral de la FMEJ.<\/p>\n<p style=\"text-align: justify;\">\u00ab\u00a0Figures de la presse marocaine\u00a0\u00bb, dont la version arabe sera publi\u00e9e prochainement, est un annuaire biographique des journalistes de la presse \u00e9crite, de la t\u00e9l\u00e9vision, de la radio et de la MAP, qui se veut une r\u00e9elle lecture dans l\u2019histoire du Maroc \u00e0 travers les exp\u00e9riences de tous ces hommes de la presse marocaine.<\/p>\n<p style=\"text-align: justify;\">Il s\u2019agit \u00e9galement d\u2019un travail de fond qui cadre parfaitement avec les nouvelles missions de la MAP, celles d\u2019accompagner le secteur m\u00e9diatique par la connaissance, le savoir et la recherche, a soulign\u00e9 M. Hachimi Idrissi, qui a pr\u00e9fac\u00e9 l\u2019ouvrage.<\/p>\n<p style=\"text-align: justify;\">Sur le fond, il y a mati\u00e8re dans ce livre \u00e0 faire \u00ab\u00a0une sociologie du journaliste marocain. Une typologie structur\u00e9e des hommes de presse, une \u00e9tude sur leurs trajectoires diagonales ou une th\u00e8se universitaire sur leur impact sur la vie institutionnelle du pays, la transition d\u00e9mocratique ou le d\u00e9bat public\u00a0\u00bb, a relev\u00e9 M. Hachimi Idrissi dans sa pr\u00e9face intitul\u00e9e \u00ab\u00a0Un travail hercul\u00e9en\u00a0\u00bb.<\/p>\n<\/div>\n<p>L\u2019article <a rel=\"nofollow\" href=\"http:\/\/www.mapoujda.ma\/fr\/signature-a-oujda-du-livre-figures-de-la-presse-marocaine\/\">Signature \u00e0 Oujda du livre \u00ab Figures de la presse marocaine \u00bb<\/a> est apparu en premier sur <a rel=\"nofollow\" href=\"http:\/\/www.mapoujda.ma\/fr\">MapOujda<\/a>.<\/p>\n<\/div>\n<p>Auteur: Soufiane ELAHMAR<br \/>\n<a href=\"http:\/\/www.mapoujda.ma\/fr\/signature-a-oujda-du-livre-figures-de-la-presse-marocaine\/\">Cliquez ici pour lire l&rsquo;article depuis sa source.<\/a><\/p>\n","protected":false},"excerpt":{"rendered":"<p>Le Centre d\u2019\u00e9tudes et de recherches humaines et sociales d\u2019Oujda (CERHSO) a accueilli, vendredi, une c\u00e9r\u00e9monie de pr\u00e9sentation et de signature de l\u2019ouvrage \u00ab\u00a0Figures de la presse marocaine\u00a0\u00bb, r\u00e9alis\u00e9 par le m\u00e9diateur de l\u2019Agence marocaine de presse (MAP), Driss Ajbali. Paru en langue fran\u00e7aise et publi\u00e9 par la MAP, ce livre se veut un annuaire [&hellip;]<\/p>\n","protected":false},"author":1788,"featured_media":0,"comment_status":"closed","ping_status":"closed","sticky":false,"template":"","format":"standard","meta":{"fifu_image_url":"http:\/\/www.mapoujda.ma\/map\/uploads\/2021\/11\/Figures-de-la-presse-marocaine-750\u00d7430.jpg","fifu_image_alt":"Signature \u00e0 Oujda du livre \u00ab Figures de la presse marocaine \u00bb","footnotes":""},"categories":[54,76],"tags":[],"class_list":["post-132108","post","type-post","status-publish","format-standard","hentry","category-maroc","category-regions"],"_links":{"self":[{"href":"https:\/\/linitiative.ca\/International\/wp-json\/wp\/v2\/posts\/132108","targetHints":{"allow":["GET"]}}],"collection":[{"href":"https:\/\/linitiative.ca\/International\/wp-json\/wp\/v2\/posts"}],"about":[{"href":"https:\/\/linitiative.ca\/International\/wp-json\/wp\/v2\/types\/post"}],"author":[{"embeddable":true,"href":"https:\/\/linitiative.ca\/International\/wp-json\/wp\/v2\/users\/1788"}],"replies":[{"embeddable":true,"href":"https:\/\/linitiative.ca\/International\/wp-json\/wp\/v2\/comments?post=132108"}],"version-history":[{"count":0,"href":"https:\/\/linitiative.ca\/International\/wp-json\/wp\/v2\/posts\/132108\/revisions"}],"wp:attachment":[{"href":"https:\/\/linitiative.ca\/International\/wp-json\/wp\/v2\/media?parent=132108"}],"wp:term":[{"taxonomy":"category","embeddable":true,"href":"https:\/\/linitiative.ca\/International\/wp-json\/wp\/v2\/categories?post=132108"},{"taxonomy":"post_tag","embeddable":true,"href":"https:\/\/linitiative.ca\/International\/wp-json\/wp\/v2\/tags?post=132108"}],"curies":[{"name":"wp","href":"https:\/\/api.w.org\/{rel}","templated":true}]}}