{"id":132111,"date":"2021-11-06T08:10:50","date_gmt":"2021-11-06T12:10:50","guid":{"rendered":"https:\/\/linitiative.ca\/International\/assurances-hausse-de-105-des-primes-emises\/"},"modified":"2021-11-06T08:10:50","modified_gmt":"2021-11-06T12:10:50","slug":"assurances-hausse-de-105-des-primes-emises","status":"publish","type":"post","link":"https:\/\/linitiative.ca\/International\/assurances-hausse-de-105-des-primes-emises\/","title":{"rendered":"Assurances: Hausse de 10,5% des primes \u00e9mises"},"content":{"rendered":"<div>\n<div class=\"field field-name-body field-type-text-with-summary field-label-hidden\">\n<div class=\"field-items\">\n<div class=\"field-item even\" property=\"content:encoded\">\n<p class=\"rtejustify\">Les primes \u00e9mises par les compagnies d&rsquo;assurances et de r\u00e9assurance ont atteint pr\u00e8s de 39,24 milliards de dirhams (MMDH) au cours des neuf premiers mois de cette ann\u00e9e, en hausse de 10,5% comparativement \u00e0 fin septembre 2020, indique l&rsquo;Autorit\u00e9 de contr\u00f4le des assurances et de la pr\u00e9voyance sociale (ACAPS).<\/p>\n<\/div>\n<\/div>\n<\/div>\n<\/div>\n<p>Auteur: mbasraoui<br \/>\n<a href=\"https:\/\/www.leconomiste.com\/flash-infos\/assurances-hausse-de-10-5-des-primes-emises\">Cliquez ici pour lire l&rsquo;article depuis sa source.<\/a><\/p>\n","protected":false},"excerpt":{"rendered":"<p>Les primes \u00e9mises par les compagnies d&rsquo;assurances et de r\u00e9assurance ont atteint pr\u00e8s de 39,24 milliards de dirhams (MMDH) au cours des neuf premiers mois de cette ann\u00e9e, en hausse de 10,5% comparativement \u00e0 fin septembre 2020, indique l&rsquo;Autorit\u00e9 de contr\u00f4le des assurances et de la pr\u00e9voyance sociale (ACAPS). Auteur: mbasraoui Cliquez ici pour lire [&hellip;]<\/p>\n","protected":false},"author":1763,"featured_media":0,"comment_status":"closed","ping_status":"closed","sticky":false,"template":"","format":"standard","meta":{"fifu_image_url":"","fifu_image_alt":"","footnotes":""},"categories":[78,54],"tags":[],"class_list":["post-132111","post","type-post","status-publish","format-standard","hentry","category-economie","category-maroc"],"_links":{"self":[{"href":"https:\/\/linitiative.ca\/International\/wp-json\/wp\/v2\/posts\/132111","targetHints":{"allow":["GET"]}}],"collection":[{"href":"https:\/\/linitiative.ca\/International\/wp-json\/wp\/v2\/posts"}],"about":[{"href":"https:\/\/linitiative.ca\/International\/wp-json\/wp\/v2\/types\/post"}],"author":[{"embeddable":true,"href":"https:\/\/linitiative.ca\/International\/wp-json\/wp\/v2\/users\/1763"}],"replies":[{"embeddable":true,"href":"https:\/\/linitiative.ca\/International\/wp-json\/wp\/v2\/comments?post=132111"}],"version-history":[{"count":0,"href":"https:\/\/linitiative.ca\/International\/wp-json\/wp\/v2\/posts\/132111\/revisions"}],"wp:attachment":[{"href":"https:\/\/linitiative.ca\/International\/wp-json\/wp\/v2\/media?parent=132111"}],"wp:term":[{"taxonomy":"category","embeddable":true,"href":"https:\/\/linitiative.ca\/International\/wp-json\/wp\/v2\/categories?post=132111"},{"taxonomy":"post_tag","embeddable":true,"href":"https:\/\/linitiative.ca\/International\/wp-json\/wp\/v2\/tags?post=132111"}],"curies":[{"name":"wp","href":"https:\/\/api.w.org\/{rel}","templated":true}]}}