{"id":132113,"date":"2021-11-06T06:39:00","date_gmt":"2021-11-06T10:39:00","guid":{"rendered":"https:\/\/linitiative.ca\/International\/west-ham-moyes-collectivement-benrahma-a-tres-bien-joue-face-a-genk\/"},"modified":"2021-11-06T06:39:00","modified_gmt":"2021-11-06T10:39:00","slug":"west-ham-moyes-collectivement-benrahma-a-tres-bien-joue-face-a-genk","status":"publish","type":"post","link":"https:\/\/linitiative.ca\/International\/west-ham-moyes-collectivement-benrahma-a-tres-bien-joue-face-a-genk\/","title":{"rendered":"West Ham &#8211; Moyes : \u00ab\u00a0Collectivement, Benrahma a tr\u00e8s bien jou\u00e9 face \u00e0 Genk\u00a0\u00bb"},"content":{"rendered":"<div>L&rsquo;international alg\u00e9rien de 26 ans a trouv\u00e9 ses marques avec West Ham et \u00e0 ce stade de la saison, il fait d\u00e9j\u00e0 mieux que l&rsquo;exercice pr\u00e9c\u00e9dent en terme de buts et de passes d\u00e9cisives<img loading=\"lazy\" decoding=\"async\" src=\"http:\/\/feeds.feedburner.com\/~r\/GalerieFArtciles\/~4\/1ugQ5DGcqh8\" height=\"1\" width=\"1\" alt=\"\"><\/div>\n<p>Auteur:<br \/>\n<a href=\"http:\/\/www.lebuteur.com\/article\/detail?titre=west-ham-moyes-collectivement-benrahma-a-tres-bien-joue-face-a-genk&#038;id=101493&#038;utm_source=feedburner&#038;utm_medium=feed&#038;utm_campaign=Feed%3A+GalerieFArtciles+%28Les+derniers+articles++-+lebuteur.com%29\">Cliquez ici pour lire l&rsquo;article depuis sa source.<\/a><\/p>\n","protected":false},"excerpt":{"rendered":"<p>L&rsquo;international alg\u00e9rien de 26 ans a trouv\u00e9 ses marques avec West Ham et \u00e0 ce stade de la saison, il fait d\u00e9j\u00e0 mieux que l&rsquo;exercice pr\u00e9c\u00e9dent en terme de buts et de passes d\u00e9cisives Auteur: Cliquez ici pour lire l&rsquo;article depuis sa source.<\/p>\n","protected":false},"author":1738,"featured_media":0,"comment_status":"closed","ping_status":"closed","sticky":false,"template":"","format":"standard","meta":{"fifu_image_url":"http:\/\/feeds.feedburner.com\/~r\/GalerieFArtciles\/~4\/1ugQ5DGcqh8","fifu_image_alt":"<div>West Ham - Moyes : \"Collectivement, Benrahma a tr\u00e8s bien jou\u00e9 face \u00e0 Genk\"<\/div>","footnotes":""},"categories":[53,75],"tags":[],"class_list":["post-132113","post","type-post","status-publish","format-standard","hentry","category-algerie","category-sport"],"_links":{"self":[{"href":"https:\/\/linitiative.ca\/International\/wp-json\/wp\/v2\/posts\/132113","targetHints":{"allow":["GET"]}}],"collection":[{"href":"https:\/\/linitiative.ca\/International\/wp-json\/wp\/v2\/posts"}],"about":[{"href":"https:\/\/linitiative.ca\/International\/wp-json\/wp\/v2\/types\/post"}],"author":[{"embeddable":true,"href":"https:\/\/linitiative.ca\/International\/wp-json\/wp\/v2\/users\/1738"}],"replies":[{"embeddable":true,"href":"https:\/\/linitiative.ca\/International\/wp-json\/wp\/v2\/comments?post=132113"}],"version-history":[{"count":0,"href":"https:\/\/linitiative.ca\/International\/wp-json\/wp\/v2\/posts\/132113\/revisions"}],"wp:attachment":[{"href":"https:\/\/linitiative.ca\/International\/wp-json\/wp\/v2\/media?parent=132113"}],"wp:term":[{"taxonomy":"category","embeddable":true,"href":"https:\/\/linitiative.ca\/International\/wp-json\/wp\/v2\/categories?post=132113"},{"taxonomy":"post_tag","embeddable":true,"href":"https:\/\/linitiative.ca\/International\/wp-json\/wp\/v2\/tags?post=132113"}],"curies":[{"name":"wp","href":"https:\/\/api.w.org\/{rel}","templated":true}]}}