{"id":132118,"date":"2021-11-06T06:25:27","date_gmt":"2021-11-06T10:25:27","guid":{"rendered":"https:\/\/linitiative.ca\/International\/lotfi-nezzar-acquitte\/"},"modified":"2021-11-06T06:25:27","modified_gmt":"2021-11-06T10:25:27","slug":"lotfi-nezzar-acquitte","status":"publish","type":"post","link":"https:\/\/linitiative.ca\/International\/lotfi-nezzar-acquitte\/","title":{"rendered":"Lotfi Nezzar acquitt\u00e9"},"content":{"rendered":"<div>\n<div class=\"sriret\"><img decoding=\"async\" src=\"https:\/\/linitiative.ca\/International\/wp-content\/uploads\/sites\/23\/2021\/11\/default-picture-709x366_c-21.jpg\"><\/div>\n<p>Le tribunal de Sidi M\u2019hamed, \u00e0 Alger, a d\u00e9cid\u00e9, jeudi dernier, d\u2019innocenter Lotfi Nezzar, fils de l\u2019ancien ministre de la D\u00e9fense, le g\u00e9n\u00e9ral-major Khaled Nezzar, de tous les griefs li\u00e9s \u00e0 la saisie au port d\u2019Alger de la Porsche Macan, appartenant \u00e0 son \u00e9pouse, et qui lui ont valu une peine de 6 ans de prison ferme assortie d\u2019une amende de 2 millions de dinars, prononc\u00e9e par d\u00e9faut, le 20 juillet 2020.<\/p>\n<p>Lors de son proc\u00e8s le 21 octobre dernier, il a ni\u00e9 les faits, alors que le parquet avait demand\u00e9 l\u2019application de la loi.<\/p>\n<p><strong>Retrouvez l\u2019int\u00e9gralit\u00e9 de nos articles sur la version papier<\/strong><\/p>\n<p>\u00a0<\/p>\n<p>L\u2019article <a rel=\"nofollow\" href=\"https:\/\/www.elwatan.com\/edition\/actualite\/lotfi-nezzar-acquitte-06-11-2021\">Lotfi Nezzar acquitt\u00e9<\/a> est apparu en premier sur <a rel=\"nofollow\" href=\"https:\/\/www.elwatan.com\/\">El Watan<\/a>.<\/p>\n<\/div>\n<p>Auteur: Hicham Chouadria<br \/>\n<a href=\"https:\/\/www.elwatan.com\/edition\/actualite\/lotfi-nezzar-acquitte-06-11-2021\">Cliquez ici pour lire l&rsquo;article depuis sa source.<\/a><\/p>\n","protected":false},"excerpt":{"rendered":"<p>Le tribunal de Sidi M\u2019hamed, \u00e0 Alger, a d\u00e9cid\u00e9, jeudi dernier, d\u2019innocenter Lotfi Nezzar, fils de l\u2019ancien ministre de la D\u00e9fense, le g\u00e9n\u00e9ral-major Khaled Nezzar, de tous les griefs li\u00e9s \u00e0 la saisie au port d\u2019Alger de la Porsche Macan, appartenant \u00e0 son \u00e9pouse, et qui lui ont valu une peine de 6 ans de [&hellip;]<\/p>\n","protected":false},"author":1743,"featured_media":0,"comment_status":"closed","ping_status":"closed","sticky":false,"template":"","format":"standard","meta":{"fifu_image_url":"https:\/\/www.elwatan.com\/wp-content\/themes\/spectr\/img\/default-picture-709x366_c.jpg","fifu_image_alt":"Lotfi Nezzar acquitt\u00e9","footnotes":""},"categories":[73,53],"tags":[],"class_list":["post-132118","post","type-post","status-publish","format-standard","hentry","category-actualite","category-algerie"],"_links":{"self":[{"href":"https:\/\/linitiative.ca\/International\/wp-json\/wp\/v2\/posts\/132118","targetHints":{"allow":["GET"]}}],"collection":[{"href":"https:\/\/linitiative.ca\/International\/wp-json\/wp\/v2\/posts"}],"about":[{"href":"https:\/\/linitiative.ca\/International\/wp-json\/wp\/v2\/types\/post"}],"author":[{"embeddable":true,"href":"https:\/\/linitiative.ca\/International\/wp-json\/wp\/v2\/users\/1743"}],"replies":[{"embeddable":true,"href":"https:\/\/linitiative.ca\/International\/wp-json\/wp\/v2\/comments?post=132118"}],"version-history":[{"count":0,"href":"https:\/\/linitiative.ca\/International\/wp-json\/wp\/v2\/posts\/132118\/revisions"}],"wp:attachment":[{"href":"https:\/\/linitiative.ca\/International\/wp-json\/wp\/v2\/media?parent=132118"}],"wp:term":[{"taxonomy":"category","embeddable":true,"href":"https:\/\/linitiative.ca\/International\/wp-json\/wp\/v2\/categories?post=132118"},{"taxonomy":"post_tag","embeddable":true,"href":"https:\/\/linitiative.ca\/International\/wp-json\/wp\/v2\/tags?post=132118"}],"curies":[{"name":"wp","href":"https:\/\/api.w.org\/{rel}","templated":true}]}}