{"id":132128,"date":"2021-11-06T03:00:00","date_gmt":"2021-11-06T07:00:00","guid":{"rendered":"https:\/\/linitiative.ca\/International\/meriem-belcadhi-et-mourad-zghidi-le-duel-du-samedi-a-midi\/"},"modified":"2021-11-06T03:00:00","modified_gmt":"2021-11-06T07:00:00","slug":"meriem-belcadhi-et-mourad-zghidi-le-duel-du-samedi-a-midi","status":"publish","type":"post","link":"https:\/\/linitiative.ca\/International\/meriem-belcadhi-et-mourad-zghidi-le-duel-du-samedi-a-midi\/","title":{"rendered":"Meriem Belcadhi et Mourad Zghidi: le duel du samedi \u00e0 midi"},"content":{"rendered":"<div><img decoding=\"async\" src=\"https:\/\/linitiative.ca\/International\/wp-content\/uploads\/sites\/23\/2021\/11\/1636106543_article.jpg\" alt=\"Meriem Belcadhi et Mourad Zghidi: le duel du samedi \u00e0 midi\" align=\"left\">La tranche horaire \u00e9tait laiss\u00e9e \u00e0 l\u2019abandon par la plupart des stations radio. Seule Mosa\u00efque FM y programmait, entre 12 et 14 heures, une \u00e9mission d\u00e9di\u00e9e au showbiz. A peine arriv\u00e9e \u00e0 la matinale de Shems FM, du lundi au vendredi, Meriem Belcadhi a eu l\u2019id\u00e9e de proposer aux auditeurs un rendez-vous hebdomadaire, le samedi, dans un format long, o\u00f9 ses invit\u00e9s sont plus \u00e0 l\u2019aise pour partager leurs r\u00e9cits et rebondir sur l\u2019actualit\u00e9, pendant deux heures. Ayant la main heureuse et sachant s\u00e9lectionner ses invit\u00e9s, Meriem Belcadhi, qui laisse un grand vide sur la cha\u00eene t\u00e9l\u00e9 Al Hiwar Ettounsi, a rapidement conquis une large part d\u2019audience radio.<br \/>\nDe son c\u00f4t\u00e9, &#8230;<\/p>\n<\/div>\n<p>Auteur:<br \/>\n<a href=\"https:\/\/www.leaders.com.tn\/article\/32621-meriem-belcadhi-et-mourad-zghidi-le-duel-du-samedi-a-midi\">Cliquez ici pour lire l&rsquo;article depuis sa source.<\/a><\/p>\n","protected":false},"excerpt":{"rendered":"<p>La tranche horaire \u00e9tait laiss\u00e9e \u00e0 l\u2019abandon par la plupart des stations radio. Seule Mosa\u00efque FM y programmait, entre 12 et 14 heures, une \u00e9mission d\u00e9di\u00e9e au showbiz. A peine arriv\u00e9e \u00e0 la matinale de Shems FM, du lundi au vendredi, Meriem Belcadhi a eu l\u2019id\u00e9e de proposer aux auditeurs un rendez-vous hebdomadaire, le samedi, [&hellip;]<\/p>\n","protected":false},"author":1772,"featured_media":0,"comment_status":"closed","ping_status":"closed","sticky":false,"template":"","format":"standard","meta":{"fifu_image_url":"http:\/\/www.leaders.com.tn\/uploads\/content\/thumbnails_small\/1636106543_article.jpg","fifu_image_alt":"Meriem Belcadhi et Mourad Zghidi: le duel du samedi \u00e0 midi","footnotes":""},"categories":[73,55],"tags":[],"class_list":["post-132128","post","type-post","status-publish","format-standard","hentry","category-actualite","category-tunisie"],"_links":{"self":[{"href":"https:\/\/linitiative.ca\/International\/wp-json\/wp\/v2\/posts\/132128","targetHints":{"allow":["GET"]}}],"collection":[{"href":"https:\/\/linitiative.ca\/International\/wp-json\/wp\/v2\/posts"}],"about":[{"href":"https:\/\/linitiative.ca\/International\/wp-json\/wp\/v2\/types\/post"}],"author":[{"embeddable":true,"href":"https:\/\/linitiative.ca\/International\/wp-json\/wp\/v2\/users\/1772"}],"replies":[{"embeddable":true,"href":"https:\/\/linitiative.ca\/International\/wp-json\/wp\/v2\/comments?post=132128"}],"version-history":[{"count":0,"href":"https:\/\/linitiative.ca\/International\/wp-json\/wp\/v2\/posts\/132128\/revisions"}],"wp:attachment":[{"href":"https:\/\/linitiative.ca\/International\/wp-json\/wp\/v2\/media?parent=132128"}],"wp:term":[{"taxonomy":"category","embeddable":true,"href":"https:\/\/linitiative.ca\/International\/wp-json\/wp\/v2\/categories?post=132128"},{"taxonomy":"post_tag","embeddable":true,"href":"https:\/\/linitiative.ca\/International\/wp-json\/wp\/v2\/tags?post=132128"}],"curies":[{"name":"wp","href":"https:\/\/api.w.org\/{rel}","templated":true}]}}