{"id":132130,"date":"2021-11-06T05:30:00","date_gmt":"2021-11-06T09:30:00","guid":{"rendered":"https:\/\/linitiative.ca\/International\/pr-hatem-kallel-lillustre-medecin-tunisien-qui-combat-le-covid-en-guyane\/"},"modified":"2021-11-06T05:30:00","modified_gmt":"2021-11-06T09:30:00","slug":"pr-hatem-kallel-lillustre-medecin-tunisien-qui-combat-le-covid-en-guyane","status":"publish","type":"post","link":"https:\/\/linitiative.ca\/International\/pr-hatem-kallel-lillustre-medecin-tunisien-qui-combat-le-covid-en-guyane\/","title":{"rendered":"Pr Hatem Kallel: l\u2019illustre m\u00e9decin tunisien qui combat le Covid en Guyane"},"content":{"rendered":"<div><img decoding=\"async\" src=\"https:\/\/linitiative.ca\/International\/wp-content\/uploads\/sites\/23\/2021\/11\/1636104608_article.jpg\" alt=\"Pr Hatem Kallel: l\u2019illustre m\u00e9decin tunisien qui combat le Covid en Guyane\" align=\"left\">Prenez une carte g\u00e9ographique. Portez votre regard sur l\u2019Am\u00e9rique latine. La surprise est totale. A plus de 7 000 km de Tunis, un m\u00e9decin tunisien, Pr Hatem Kallel, fait en effet honneur \u00e0 son pays et \u00e0 la science, \u00e0 Cayenne, la capitale de la Guyane fran\u00e7aise, frontali\u00e8re du Br\u00e9sil et du Surinam. Professeur des universit\u00e9s et praticien hospitalier, chef du p\u00f4le des urgences-soins critiques du Centre hospitalier de Cayenne, ce m\u00e9decin intensiviste-r\u00e9animateur est en premi\u00e8re ligne dans la lutte contre le Covid-19. A la t\u00eate de ses \u00e9quipes, il se d\u00e9ploie de toute son \u00e9nergie tant dans la capitale du d\u00e9partement fran\u00e7ais d\u2019outre-mer, Cayenne, que dans les deux autres &#8230;<\/p>\n<\/div>\n<p>Auteur:<br \/>\n<a href=\"https:\/\/www.leaders.com.tn\/article\/32619-pr-hatem-kallel-l-illustre-medecin-tunisien-qui-combat-le-covid-en-guyane\">Cliquez ici pour lire l&rsquo;article depuis sa source.<\/a><\/p>\n","protected":false},"excerpt":{"rendered":"<p>Prenez une carte g\u00e9ographique. Portez votre regard sur l\u2019Am\u00e9rique latine. La surprise est totale. A plus de 7 000 km de Tunis, un m\u00e9decin tunisien, Pr Hatem Kallel, fait en effet honneur \u00e0 son pays et \u00e0 la science, \u00e0 Cayenne, la capitale de la Guyane fran\u00e7aise, frontali\u00e8re du Br\u00e9sil et du Surinam. Professeur des [&hellip;]<\/p>\n","protected":false},"author":1772,"featured_media":0,"comment_status":"closed","ping_status":"closed","sticky":false,"template":"","format":"standard","meta":{"fifu_image_url":"http:\/\/www.leaders.com.tn\/uploads\/content\/thumbnails_small\/1636104608_article.jpg","fifu_image_alt":"Pr Hatem Kallel: l\u2019illustre m\u00e9decin tunisien qui combat le Covid en Guyane","footnotes":""},"categories":[73,55],"tags":[],"class_list":["post-132130","post","type-post","status-publish","format-standard","hentry","category-actualite","category-tunisie"],"_links":{"self":[{"href":"https:\/\/linitiative.ca\/International\/wp-json\/wp\/v2\/posts\/132130","targetHints":{"allow":["GET"]}}],"collection":[{"href":"https:\/\/linitiative.ca\/International\/wp-json\/wp\/v2\/posts"}],"about":[{"href":"https:\/\/linitiative.ca\/International\/wp-json\/wp\/v2\/types\/post"}],"author":[{"embeddable":true,"href":"https:\/\/linitiative.ca\/International\/wp-json\/wp\/v2\/users\/1772"}],"replies":[{"embeddable":true,"href":"https:\/\/linitiative.ca\/International\/wp-json\/wp\/v2\/comments?post=132130"}],"version-history":[{"count":0,"href":"https:\/\/linitiative.ca\/International\/wp-json\/wp\/v2\/posts\/132130\/revisions"}],"wp:attachment":[{"href":"https:\/\/linitiative.ca\/International\/wp-json\/wp\/v2\/media?parent=132130"}],"wp:term":[{"taxonomy":"category","embeddable":true,"href":"https:\/\/linitiative.ca\/International\/wp-json\/wp\/v2\/categories?post=132130"},{"taxonomy":"post_tag","embeddable":true,"href":"https:\/\/linitiative.ca\/International\/wp-json\/wp\/v2\/tags?post=132130"}],"curies":[{"name":"wp","href":"https:\/\/api.w.org\/{rel}","templated":true}]}}