{"id":132137,"date":"2021-11-06T06:00:00","date_gmt":"2021-11-06T10:00:00","guid":{"rendered":"https:\/\/linitiative.ca\/International\/nouvelle-operation-damenagement\/"},"modified":"2021-11-06T06:00:00","modified_gmt":"2021-11-06T10:00:00","slug":"nouvelle-operation-damenagement","status":"publish","type":"post","link":"https:\/\/linitiative.ca\/International\/nouvelle-operation-damenagement\/","title":{"rendered":"Nouvelle op\u00e9ration d\u2019am\u00e9nagement"},"content":{"rendered":"<div>R\u00e9habilit\u00e9e \u00e0 l\u2019occasion de la manifestation \u00abConstantine capitale de la culture arabe 2015\u00bb, la principale art\u00e8re commer\u00e7ante du centre-ville de la capitale de l\u2019Est, soit la rue Didouche-Mourad (ex-rue de France), devrait<\/div>\n<p>Auteur:<br \/>\n<a href=\"https:\/\/www.lesoirdalgerie.com\/periscoop\/nouvelle-operation-damenagement-70063\">Cliquez ici pour lire l&rsquo;article depuis sa source.<\/a><\/p>\n","protected":false},"excerpt":{"rendered":"<p>R\u00e9habilit\u00e9e \u00e0 l\u2019occasion de la manifestation \u00abConstantine capitale de la culture arabe 2015\u00bb, la principale art\u00e8re commer\u00e7ante du centre-ville de la capitale de l\u2019Est, soit la rue Didouche-Mourad (ex-rue de France), devrait Auteur: Cliquez ici pour lire l&rsquo;article depuis sa source.<\/p>\n","protected":false},"author":1741,"featured_media":0,"comment_status":"closed","ping_status":"closed","sticky":false,"template":"","format":"standard","meta":{"fifu_image_url":"","fifu_image_alt":"","footnotes":""},"categories":[73,53],"tags":[],"class_list":["post-132137","post","type-post","status-publish","format-standard","hentry","category-actualite","category-algerie"],"_links":{"self":[{"href":"https:\/\/linitiative.ca\/International\/wp-json\/wp\/v2\/posts\/132137","targetHints":{"allow":["GET"]}}],"collection":[{"href":"https:\/\/linitiative.ca\/International\/wp-json\/wp\/v2\/posts"}],"about":[{"href":"https:\/\/linitiative.ca\/International\/wp-json\/wp\/v2\/types\/post"}],"author":[{"embeddable":true,"href":"https:\/\/linitiative.ca\/International\/wp-json\/wp\/v2\/users\/1741"}],"replies":[{"embeddable":true,"href":"https:\/\/linitiative.ca\/International\/wp-json\/wp\/v2\/comments?post=132137"}],"version-history":[{"count":0,"href":"https:\/\/linitiative.ca\/International\/wp-json\/wp\/v2\/posts\/132137\/revisions"}],"wp:attachment":[{"href":"https:\/\/linitiative.ca\/International\/wp-json\/wp\/v2\/media?parent=132137"}],"wp:term":[{"taxonomy":"category","embeddable":true,"href":"https:\/\/linitiative.ca\/International\/wp-json\/wp\/v2\/categories?post=132137"},{"taxonomy":"post_tag","embeddable":true,"href":"https:\/\/linitiative.ca\/International\/wp-json\/wp\/v2\/tags?post=132137"}],"curies":[{"name":"wp","href":"https:\/\/api.w.org\/{rel}","templated":true}]}}