{"id":132141,"date":"2021-11-06T05:23:20","date_gmt":"2021-11-06T09:23:20","guid":{"rendered":"https:\/\/linitiative.ca\/International\/automobile-un-secteur-qui-doit-capitaliser-sur-ses-atouts-pour-apprehender-les-enjeux-mondiaux-selon-ryad-mezzour\/"},"modified":"2021-11-06T05:23:20","modified_gmt":"2021-11-06T09:23:20","slug":"automobile-un-secteur-qui-doit-capitaliser-sur-ses-atouts-pour-apprehender-les-enjeux-mondiaux-selon-ryad-mezzour","status":"publish","type":"post","link":"https:\/\/linitiative.ca\/International\/automobile-un-secteur-qui-doit-capitaliser-sur-ses-atouts-pour-apprehender-les-enjeux-mondiaux-selon-ryad-mezzour\/","title":{"rendered":"Automobile. Un secteur qui doit capitaliser sur ses atouts pour appr\u00e9hender les enjeux mondiaux selon Ryad Mezzour"},"content":{"rendered":"<div><img decoding=\"async\" width=\"760\" height=\"470\" src=\"https:\/\/linitiative.ca\/International\/wp-content\/uploads\/sites\/23\/2021\/11\/Ryad-Mezzour-bon-1.jpg\" class=\"attachment-post-thumbnail size-post-thumbnail wp-post-image\" alt=\"\" loading=\"lazy\" srcset=\"https:\/\/linitiative.ca\/International\/wp-content\/uploads\/sites\/23\/2021\/11\/Ryad-Mezzour-bon-1.jpg 760w, https:\/\/www.challenge.ma\/wp-content\/uploads\/2021\/11\/Ryad-Mezzour-bon-1-300x186.jpg 300w, https:\/\/www.challenge.ma\/wp-content\/uploads\/2021\/11\/Ryad-Mezzour-bon-1-360x223.jpg 360w, https:\/\/www.challenge.ma\/wp-content\/uploads\/2021\/11\/Ryad-Mezzour-bon-1-750x464.jpg 750w\" sizes=\"auto, (max-width: 760px) 100vw, 760px\" itemprop=\"image\">Tourn\u00e9e vers l\u2019avenir, l\u2019industrie automobile marocaine doit capitaliser sur ses atouts pour appr\u00e9hender les enjeux mondiaux du secteur. C\u2019est ce qu\u2019a affirm\u00e9 r\u00e9cemment \u00e0 K\u00e9nitra Ryad Mezzour, ministre de l\u2019Industrie et du Commerce. \u00abLe Maroc s\u2019est mis dans l\u2019air du temps et pris le virage de la mobilit\u00e9 durable et<\/div>\n<p>Auteur: challenge<br \/>\n<a href=\"https:\/\/www.challenge.ma\/automobile-un-secteur-qui-doit-capitaliser-sur-ses-atouts-pour-apprehender-les-enjeux-mondiaux-selon-ryad-mezzour-225439\/\">Cliquez ici pour lire l&rsquo;article depuis sa source.<\/a><\/p>\n","protected":false},"excerpt":{"rendered":"<p>Tourn\u00e9e vers l\u2019avenir, l\u2019industrie automobile marocaine doit capitaliser sur ses atouts pour appr\u00e9hender les enjeux mondiaux du secteur. C\u2019est ce qu\u2019a affirm\u00e9 r\u00e9cemment \u00e0 K\u00e9nitra Ryad Mezzour, ministre de l\u2019Industrie et du Commerce. \u00abLe Maroc s\u2019est mis dans l\u2019air du temps et pris le virage de la mobilit\u00e9 durable et Auteur: challenge Cliquez ici pour [&hellip;]<\/p>\n","protected":false},"author":1787,"featured_media":0,"comment_status":"closed","ping_status":"closed","sticky":false,"template":"","format":"standard","meta":{"fifu_image_url":"https:\/\/www.challenge.ma\/wp-content\/uploads\/2021\/11\/Ryad-Mezzour-bon-1.jpg","fifu_image_alt":"Automobile. Un secteur qui doit capitaliser sur ses atouts pour appr\u00e9hender les enjeux mondiaux selon Ryad Mezzour","footnotes":""},"categories":[78,54],"tags":[],"class_list":["post-132141","post","type-post","status-publish","format-standard","hentry","category-economie","category-maroc"],"_links":{"self":[{"href":"https:\/\/linitiative.ca\/International\/wp-json\/wp\/v2\/posts\/132141","targetHints":{"allow":["GET"]}}],"collection":[{"href":"https:\/\/linitiative.ca\/International\/wp-json\/wp\/v2\/posts"}],"about":[{"href":"https:\/\/linitiative.ca\/International\/wp-json\/wp\/v2\/types\/post"}],"author":[{"embeddable":true,"href":"https:\/\/linitiative.ca\/International\/wp-json\/wp\/v2\/users\/1787"}],"replies":[{"embeddable":true,"href":"https:\/\/linitiative.ca\/International\/wp-json\/wp\/v2\/comments?post=132141"}],"version-history":[{"count":0,"href":"https:\/\/linitiative.ca\/International\/wp-json\/wp\/v2\/posts\/132141\/revisions"}],"wp:attachment":[{"href":"https:\/\/linitiative.ca\/International\/wp-json\/wp\/v2\/media?parent=132141"}],"wp:term":[{"taxonomy":"category","embeddable":true,"href":"https:\/\/linitiative.ca\/International\/wp-json\/wp\/v2\/categories?post=132141"},{"taxonomy":"post_tag","embeddable":true,"href":"https:\/\/linitiative.ca\/International\/wp-json\/wp\/v2\/tags?post=132141"}],"curies":[{"name":"wp","href":"https:\/\/api.w.org\/{rel}","templated":true}]}}