{"id":132143,"date":"2021-11-06T06:32:40","date_gmt":"2021-11-06T10:32:40","guid":{"rendered":"https:\/\/linitiative.ca\/International\/minurso-les-camions-algeriens-se-trouvaient-dans-la-partie-est-du-sahara\/"},"modified":"2021-11-06T06:32:40","modified_gmt":"2021-11-06T10:32:40","slug":"minurso-les-camions-algeriens-se-trouvaient-dans-la-partie-est-du-sahara","status":"publish","type":"post","link":"https:\/\/linitiative.ca\/International\/minurso-les-camions-algeriens-se-trouvaient-dans-la-partie-est-du-sahara\/","title":{"rendered":"MINURSO : les camions alg\u00e9riens se trouvaient dans la partie Est du Sahara"},"content":{"rendered":"<div><img decoding=\"async\" width=\"620\" height=\"335\" src=\"https:\/\/linitiative.ca\/International\/wp-content\/uploads\/sites\/23\/2021\/11\/mi.jpg\" class=\"attachment-post-thumbnail size-post-thumbnail wp-post-image\" alt=\"\" loading=\"lazy\" srcset=\"https:\/\/linitiative.ca\/International\/wp-content\/uploads\/sites\/23\/2021\/11\/mi.jpg 620w, https:\/\/www.challenge.ma\/wp-content\/uploads\/2021\/11\/mi-300x162.jpg 300w, https:\/\/www.challenge.ma\/wp-content\/uploads\/2021\/11\/mi-360x195.jpg 360w\" sizes=\"auto, (max-width: 620px) 100vw, 620px\" itemprop=\"image\">Le porte-parole adjoint du Secr\u00e9taire G\u00e9n\u00e9ral de l\u2019ONU, Farhan Haq, a annonc\u00e9 vendredi que selon les r\u00e9sultats pr\u00e9liminaires de l\u2019enqu\u00eate men\u00e9e par la MINURSO les deux v\u00e9hicules alg\u00e9riens se trouvaient \u00ab pr\u00e8s de Bir Lahlou \u00bb. Une zone proche du mur de d\u00e9fense o\u00f9 la circulation est interdite. L\u2019Alg\u00e9rie qui<\/div>\n<p>Auteur: challenge<br \/>\n<a href=\"https:\/\/www.challenge.ma\/minurso-les-camions-algeriens-se-trouvaient-dans-la-partie-est-du-sahara-225461\/\">Cliquez ici pour lire l&rsquo;article depuis sa source.<\/a><\/p>\n","protected":false},"excerpt":{"rendered":"<p>Le porte-parole adjoint du Secr\u00e9taire G\u00e9n\u00e9ral de l\u2019ONU, Farhan Haq, a annonc\u00e9 vendredi que selon les r\u00e9sultats pr\u00e9liminaires de l\u2019enqu\u00eate men\u00e9e par la MINURSO les deux v\u00e9hicules alg\u00e9riens se trouvaient \u00ab pr\u00e8s de Bir Lahlou \u00bb. Une zone proche du mur de d\u00e9fense o\u00f9 la circulation est interdite. L\u2019Alg\u00e9rie qui Auteur: challenge Cliquez ici pour [&hellip;]<\/p>\n","protected":false},"author":1787,"featured_media":0,"comment_status":"closed","ping_status":"closed","sticky":false,"template":"","format":"standard","meta":{"fifu_image_url":"https:\/\/www.challenge.ma\/wp-content\/uploads\/2021\/11\/mi.jpg","fifu_image_alt":"MINURSO : les camions alg\u00e9riens se trouvaient dans la partie Est du Sahara","footnotes":""},"categories":[78,54],"tags":[],"class_list":["post-132143","post","type-post","status-publish","format-standard","hentry","category-economie","category-maroc"],"_links":{"self":[{"href":"https:\/\/linitiative.ca\/International\/wp-json\/wp\/v2\/posts\/132143","targetHints":{"allow":["GET"]}}],"collection":[{"href":"https:\/\/linitiative.ca\/International\/wp-json\/wp\/v2\/posts"}],"about":[{"href":"https:\/\/linitiative.ca\/International\/wp-json\/wp\/v2\/types\/post"}],"author":[{"embeddable":true,"href":"https:\/\/linitiative.ca\/International\/wp-json\/wp\/v2\/users\/1787"}],"replies":[{"embeddable":true,"href":"https:\/\/linitiative.ca\/International\/wp-json\/wp\/v2\/comments?post=132143"}],"version-history":[{"count":0,"href":"https:\/\/linitiative.ca\/International\/wp-json\/wp\/v2\/posts\/132143\/revisions"}],"wp:attachment":[{"href":"https:\/\/linitiative.ca\/International\/wp-json\/wp\/v2\/media?parent=132143"}],"wp:term":[{"taxonomy":"category","embeddable":true,"href":"https:\/\/linitiative.ca\/International\/wp-json\/wp\/v2\/categories?post=132143"},{"taxonomy":"post_tag","embeddable":true,"href":"https:\/\/linitiative.ca\/International\/wp-json\/wp\/v2\/tags?post=132143"}],"curies":[{"name":"wp","href":"https:\/\/api.w.org\/{rel}","templated":true}]}}