{"id":132145,"date":"2021-11-06T06:54:12","date_gmt":"2021-11-06T10:54:12","guid":{"rendered":"https:\/\/linitiative.ca\/International\/decret-fiscalite-douane-et-loi-de-finances-deleguees-a-fouzi-lekjaa\/"},"modified":"2021-11-06T06:54:12","modified_gmt":"2021-11-06T10:54:12","slug":"decret-fiscalite-douane-et-loi-de-finances-deleguees-a-fouzi-lekjaa","status":"publish","type":"post","link":"https:\/\/linitiative.ca\/International\/decret-fiscalite-douane-et-loi-de-finances-deleguees-a-fouzi-lekjaa\/","title":{"rendered":"D\u00e9cret : Fiscalit\u00e9, douane et Loi de Finances d\u00e9l\u00e9gu\u00e9es \u00e0 Fouzi Lekj\u00e2a"},"content":{"rendered":"<div><img decoding=\"async\" width=\"1280\" height=\"789\" src=\"https:\/\/linitiative.ca\/International\/wp-content\/uploads\/sites\/23\/2021\/11\/lekj-2.jpeg\" class=\"attachment-post-thumbnail size-post-thumbnail wp-post-image\" alt=\"\" loading=\"lazy\" srcset=\"https:\/\/linitiative.ca\/International\/wp-content\/uploads\/sites\/23\/2021\/11\/lekj-2.jpeg 1280w, https:\/\/www.challenge.ma\/wp-content\/uploads\/2021\/11\/lekj-2-300x185.jpeg 300w, https:\/\/www.challenge.ma\/wp-content\/uploads\/2021\/11\/lekj-2-1024x631.jpeg 1024w, https:\/\/www.challenge.ma\/wp-content\/uploads\/2021\/11\/lekj-2-768x473.jpeg 768w, https:\/\/www.challenge.ma\/wp-content\/uploads\/2021\/11\/lekj-2-360x222.jpeg 360w, https:\/\/www.challenge.ma\/wp-content\/uploads\/2021\/11\/lekj-2-750x462.jpeg 750w\" sizes=\"auto, (max-width: 1280px) 100vw, 1280px\" itemprop=\"image\">Le nouveau d\u00e9cret relatif au p\u00e9rim\u00e8tre du ministre d\u00e9l\u00e9gu\u00e9 au budget, a \u00e9t\u00e9 publi\u00e9 dans le bulletin officiel du 4 octobre 2021. La taille de ce p\u00e9rim\u00e8tre en fait d\u00e9sormais l\u2019homme fort du minist\u00e8re de l\u2019Economie et des finances. Ce d\u00e9cret vient \u00e0 la suite \u00e0 la pr\u00e9sence forte et<\/div>\n<p>Auteur: challenge<br \/>\n<a href=\"https:\/\/www.challenge.ma\/decret-fiscalite-douane-et-loi-de-finances-deleguees-a-fouzi-lekjaa-225467\/\">Cliquez ici pour lire l&rsquo;article depuis sa source.<\/a><\/p>\n","protected":false},"excerpt":{"rendered":"<p>Le nouveau d\u00e9cret relatif au p\u00e9rim\u00e8tre du ministre d\u00e9l\u00e9gu\u00e9 au budget, a \u00e9t\u00e9 publi\u00e9 dans le bulletin officiel du 4 octobre 2021. La taille de ce p\u00e9rim\u00e8tre en fait d\u00e9sormais l\u2019homme fort du minist\u00e8re de l\u2019Economie et des finances. Ce d\u00e9cret vient \u00e0 la suite \u00e0 la pr\u00e9sence forte et Auteur: challenge Cliquez ici pour [&hellip;]<\/p>\n","protected":false},"author":1787,"featured_media":0,"comment_status":"closed","ping_status":"closed","sticky":false,"template":"","format":"standard","meta":{"fifu_image_url":"https:\/\/www.challenge.ma\/wp-content\/uploads\/2021\/11\/lekj-2.jpeg","fifu_image_alt":"D\u00e9cret : Fiscalit\u00e9, douane et Loi de Finances d\u00e9l\u00e9gu\u00e9es \u00e0 Fouzi Lekj\u00e2a","footnotes":""},"categories":[78,54],"tags":[],"class_list":["post-132145","post","type-post","status-publish","format-standard","hentry","category-economie","category-maroc"],"_links":{"self":[{"href":"https:\/\/linitiative.ca\/International\/wp-json\/wp\/v2\/posts\/132145","targetHints":{"allow":["GET"]}}],"collection":[{"href":"https:\/\/linitiative.ca\/International\/wp-json\/wp\/v2\/posts"}],"about":[{"href":"https:\/\/linitiative.ca\/International\/wp-json\/wp\/v2\/types\/post"}],"author":[{"embeddable":true,"href":"https:\/\/linitiative.ca\/International\/wp-json\/wp\/v2\/users\/1787"}],"replies":[{"embeddable":true,"href":"https:\/\/linitiative.ca\/International\/wp-json\/wp\/v2\/comments?post=132145"}],"version-history":[{"count":0,"href":"https:\/\/linitiative.ca\/International\/wp-json\/wp\/v2\/posts\/132145\/revisions"}],"wp:attachment":[{"href":"https:\/\/linitiative.ca\/International\/wp-json\/wp\/v2\/media?parent=132145"}],"wp:term":[{"taxonomy":"category","embeddable":true,"href":"https:\/\/linitiative.ca\/International\/wp-json\/wp\/v2\/categories?post=132145"},{"taxonomy":"post_tag","embeddable":true,"href":"https:\/\/linitiative.ca\/International\/wp-json\/wp\/v2\/tags?post=132145"}],"curies":[{"name":"wp","href":"https:\/\/api.w.org\/{rel}","templated":true}]}}