{"id":132149,"date":"2021-11-06T17:11:20","date_gmt":"2021-11-06T21:11:20","guid":{"rendered":"https:\/\/linitiative.ca\/International\/discours-royal-la-marocanite-du-sahara-nest-pas-negociable-integralite-du-discours\/"},"modified":"2021-11-06T17:11:20","modified_gmt":"2021-11-06T21:11:20","slug":"discours-royal-la-marocanite-du-sahara-nest-pas-negociable-integralite-du-discours","status":"publish","type":"post","link":"https:\/\/linitiative.ca\/International\/discours-royal-la-marocanite-du-sahara-nest-pas-negociable-integralite-du-discours\/","title":{"rendered":"Discours royal : \u00ab\u00a0La marocanit\u00e9 du Sahara n\u2019est pas n\u00e9gociable\u00a0\u00bb(Int\u00e9gralit\u00e9 du discours)"},"content":{"rendered":"<div><img decoding=\"async\" width=\"299\" height=\"168\" src=\"https:\/\/linitiative.ca\/International\/wp-content\/uploads\/sites\/23\/2021\/11\/mohamed-6.jpg\" class=\"attachment-post-thumbnail size-post-thumbnail wp-post-image\" alt=\"\" loading=\"lazy\" itemprop=\"image\">A l\u2019occasion du 46\u00e8me anniversaire de la Marche verte, SM le roi Mohammed VI a adress\u00e9, samedi 6 novembre 2021, un discours au peuple marocain. Lors de son discours de la Marche verte, SM le Roi Mohamed VI a r\u00e9affirm\u00e9 que la marocanit\u00e9 du Sahara n\u2019\u00e9tait pas n\u00e9gociable. Le Souverain<\/div>\n<p>Auteur: challenge<br \/>\n<a href=\"https:\/\/www.challenge.ma\/discours-royal-la-marocanite-du-sahara-nest-pas-negociableintegralite-du-discours-225485\/\">Cliquez ici pour lire l&rsquo;article depuis sa source.<\/a><\/p>\n","protected":false},"excerpt":{"rendered":"<p>A l\u2019occasion du 46\u00e8me anniversaire de la Marche verte, SM le roi Mohammed VI a adress\u00e9, samedi 6 novembre 2021, un discours au peuple marocain. Lors de son discours de la Marche verte, SM le Roi Mohamed VI a r\u00e9affirm\u00e9 que la marocanit\u00e9 du Sahara n\u2019\u00e9tait pas n\u00e9gociable. Le Souverain Auteur: challenge Cliquez ici pour [&hellip;]<\/p>\n","protected":false},"author":1787,"featured_media":0,"comment_status":"closed","ping_status":"closed","sticky":false,"template":"","format":"standard","meta":{"fifu_image_url":"https:\/\/www.challenge.ma\/wp-content\/uploads\/2021\/11\/mohamed-6.jpg","fifu_image_alt":"Discours royal : \u00ab\u00a0La marocanit\u00e9 du Sahara n\u2019est pas n\u00e9gociable\u00a0\u00bb(Int\u00e9gralit\u00e9 du discours)","footnotes":""},"categories":[78,54],"tags":[],"class_list":["post-132149","post","type-post","status-publish","format-standard","hentry","category-economie","category-maroc"],"_links":{"self":[{"href":"https:\/\/linitiative.ca\/International\/wp-json\/wp\/v2\/posts\/132149","targetHints":{"allow":["GET"]}}],"collection":[{"href":"https:\/\/linitiative.ca\/International\/wp-json\/wp\/v2\/posts"}],"about":[{"href":"https:\/\/linitiative.ca\/International\/wp-json\/wp\/v2\/types\/post"}],"author":[{"embeddable":true,"href":"https:\/\/linitiative.ca\/International\/wp-json\/wp\/v2\/users\/1787"}],"replies":[{"embeddable":true,"href":"https:\/\/linitiative.ca\/International\/wp-json\/wp\/v2\/comments?post=132149"}],"version-history":[{"count":0,"href":"https:\/\/linitiative.ca\/International\/wp-json\/wp\/v2\/posts\/132149\/revisions"}],"wp:attachment":[{"href":"https:\/\/linitiative.ca\/International\/wp-json\/wp\/v2\/media?parent=132149"}],"wp:term":[{"taxonomy":"category","embeddable":true,"href":"https:\/\/linitiative.ca\/International\/wp-json\/wp\/v2\/categories?post=132149"},{"taxonomy":"post_tag","embeddable":true,"href":"https:\/\/linitiative.ca\/International\/wp-json\/wp\/v2\/tags?post=132149"}],"curies":[{"name":"wp","href":"https:\/\/api.w.org\/{rel}","templated":true}]}}