{"id":132158,"date":"2021-11-06T13:49:48","date_gmt":"2021-11-06T17:49:48","guid":{"rendered":"https:\/\/linitiative.ca\/International\/33e-tour-du-faso-le-camerounais-tella-artuce-jodele-enleve-la-9e-etape\/"},"modified":"2021-11-06T13:49:48","modified_gmt":"2021-11-06T17:49:48","slug":"33e-tour-du-faso-le-camerounais-tella-artuce-jodele-enleve-la-9e-etape","status":"publish","type":"post","link":"https:\/\/linitiative.ca\/International\/33e-tour-du-faso-le-camerounais-tella-artuce-jodele-enleve-la-9e-etape\/","title":{"rendered":"33e tour du Faso\u00a0:Le Camerounais Tella\u00a0 Artuce Jodele enl\u00e8ve la 9e \u00e9tape"},"content":{"rendered":"<div>\n<p><strong>Tella\u00a0 Artuce Jodele a remport\u00e9, le samedi 6 novembre \u00a02021, la 9<sup>e<\/sup> \u00a0\u00e9tape du 33<sup>e<\/sup> tour du Faso courue entre Manga et Ziniar\u00e9. Le camerounais a parcouru les 128 km en 2h37mn30sec soit une vitesse moyenne de 48,720 km\/h. L\u2019allemand Daniel Bichlmann conserve son maillot jaune.<\/strong><\/p>\n<p><strong>\u00a0<\/strong>Le camerounais Tella Artuce Jodele a \u00e9t\u00e9 le premier \u00e0 franchir la lign\u00e9e de la 9<sup>e<\/sup> \u00e9tape du 33<sup>e<\/sup> tour du Faso,\u00a0 Courue entre Manga et Ziniar\u00e9. \u00a0Il a parcouru les 128 km en 2h37mn30sec avec une vitesse moyenne de 48,720 km\/h.\u00a0 69 coureurs ont pris le d\u00e9part de cette avant derni\u00e8re \u00e9tape du tour 2021. Deux points chauds \u00e9taient inscrits \u00e0 l\u2019ordre du jour. Le premier \u00e0 Kombissiri (50km3)\u00a0 a \u00e9t\u00e9 enlev\u00e9 par le hollandais de la\u00a0 Global Cycling team, Jarri Travers. Il est suivi de l\u2019allemand de Embrace the world, Benedix Anton et du malien Yaya Diallo.<\/p>\n<p>Pass\u00e9 cette \u00e9tape, la course se\u00a0 scinde en deux \u00e0 l\u2019entr\u00e9e de Koubri avec un trio compos\u00e9 de Boureima Nana de l\u2019\u00e9quipe r\u00e9gionale du Centre, du sud-africain Samuel Mugisha et du camerounais\u00a0 Tella\u00a0 Artuce Jodele.<\/p>\n<p>Ce groupe de fuyards sera au rendez-vous du second sprint \u00e0 immeuble C. Fran\u00e7ois (92km2) avec en t\u00eate le burkinab\u00e8, suivi du rwandais et du camerounais. L\u2019\u00e9chapp\u00e9e met un \u00e9cart de 2mn15s avec le peloton et 1mn avec le group\u00e9 intercal\u00e9. Lentement mais surement, Les trois fuyards mettent le cap sur Ziniar\u00e9. A quelques m\u00e8tres de l\u2019arriv\u00e9e,\u00a0 Tella Artuce Jodele se d\u00e9tache du lot et devance respectivement Samuel Mugisha et Boureima Nana sur la ligne.<\/p>\n<p><img decoding=\"async\" loading=\"lazy\" class=\"alignnone wp-image-41738 size-full\" src=\"https:\/\/linitiative.ca\/International\/wp-content\/uploads\/sites\/23\/2021\/11\/PH-TOUR.jpeg\" alt=\"\" width=\"1080\" height=\"720\" srcset=\"https:\/\/linitiative.ca\/International\/wp-content\/uploads\/sites\/23\/2021\/11\/PH-TOUR.jpeg 1080w, https:\/\/www.sidwaya.info\/wp-content\/uploads\/2021\/11\/PH-TOUR-300x200.jpeg 300w, https:\/\/www.sidwaya.info\/wp-content\/uploads\/2021\/11\/PH-TOUR-1024x683.jpeg 1024w, https:\/\/www.sidwaya.info\/wp-content\/uploads\/2021\/11\/PH-TOUR-768x512.jpeg 768w, https:\/\/www.sidwaya.info\/wp-content\/uploads\/2021\/11\/PH-TOUR-150x100.jpeg 150w, https:\/\/www.sidwaya.info\/wp-content\/uploads\/2021\/11\/PH-TOUR-696x464.jpeg 696w, https:\/\/www.sidwaya.info\/wp-content\/uploads\/2021\/11\/PH-TOUR-1068x712.jpeg 1068w, https:\/\/www.sidwaya.info\/wp-content\/uploads\/2021\/11\/PH-TOUR-630x420.jpeg 630w\" sizes=\"auto, (max-width: 1080px) 100vw, 1080px\"><\/p>\n<p>Maillot jaune depuis la 8<sup>e<\/sup> \u00e9tape \u00e0 P\u00f4, l\u2019allemand de l\u2019\u00e9quipe Suisse, Daniels Bichlmann conserve sa pr\u00e9cieuse tunique. Avec une avance de\u00a0 33s sur \u00a0son poursuivant, le marocain, Khafi Oussama, le soci\u00e9taire de la team Kibag-Obor-CKT est \u00e0 une \u00e9tape du sacre. Le premier des burkinab\u00e8, Souleymane Kon\u00e9, est \u00e0 37s du maillot jaune. Le belge, Wouters Rutger \u00a0conserve le maillot vert. Tout comme lui, l\u2019alg\u00e9rien, Hamzi Yacine et Paul Daumont pr\u00e9servent respectivement les maillots rose des points chauds et du meilleur jeune.\u00a0 La derni\u00e8re \u00e9tape, longue de 129km5 se dispute demain entre Kombissiri et Ouagadougou avec un circuit ferm\u00e9.<\/p>\n<p><strong>Ollo Aim\u00e9 C\u00e9saire HIEN<\/strong><\/p>\n<p>L\u2019article <a rel=\"nofollow\" href=\"https:\/\/www.sidwaya.info\/blog\/2021\/11\/06\/33e-tour-du-faso-le-camerounais-tella-artuce-jodele-enleve-la-9e-etape\/\">33e tour du Faso\u00a0:Le Camerounais Tella\u00a0 Artuce Jodele enl\u00e8ve la 9e \u00e9tape<\/a> est apparu en premier sur <a rel=\"nofollow\" href=\"https:\/\/www.sidwaya.info\/\">Quotidien Sidwaya<\/a>.<\/p>\n<\/div>\n<p>Auteur: Wamini SIDWAYA<br \/>\n<a href=\"https:\/\/www.sidwaya.info\/blog\/2021\/11\/06\/33e-tour-du-faso-le-camerounais-tella-artuce-jodele-enleve-la-9e-etape\/\">Cliquez ici pour lire l&rsquo;article depuis sa source.<\/a><\/p>\n","protected":false},"excerpt":{"rendered":"<p>Tella\u00a0 Artuce Jodele a remport\u00e9, le samedi 6 novembre \u00a02021, la 9e \u00a0\u00e9tape du 33e tour du Faso courue entre Manga et Ziniar\u00e9. Le camerounais a parcouru les 128 km en 2h37mn30sec soit une vitesse moyenne de 48,720 km\/h. L\u2019allemand Daniel Bichlmann conserve son maillot jaune. \u00a0Le camerounais Tella Artuce Jodele a \u00e9t\u00e9 le premier [&hellip;]<\/p>\n","protected":false},"author":1816,"featured_media":0,"comment_status":"closed","ping_status":"closed","sticky":false,"template":"","format":"standard","meta":{"fifu_image_url":"https:\/\/www.sidwaya.info\/wp-content\/uploads\/2021\/11\/PH-TOUR.jpeg","fifu_image_alt":"33e tour du Faso\u00a0:Le Camerounais Tella\u00a0 Artuce Jodele enl\u00e8ve la 9e \u00e9tape","footnotes":""},"categories":[73,81],"tags":[],"class_list":["post-132158","post","type-post","status-publish","format-standard","hentry","category-actualite","category-burkina-faso"],"_links":{"self":[{"href":"https:\/\/linitiative.ca\/International\/wp-json\/wp\/v2\/posts\/132158","targetHints":{"allow":["GET"]}}],"collection":[{"href":"https:\/\/linitiative.ca\/International\/wp-json\/wp\/v2\/posts"}],"about":[{"href":"https:\/\/linitiative.ca\/International\/wp-json\/wp\/v2\/types\/post"}],"author":[{"embeddable":true,"href":"https:\/\/linitiative.ca\/International\/wp-json\/wp\/v2\/users\/1816"}],"replies":[{"embeddable":true,"href":"https:\/\/linitiative.ca\/International\/wp-json\/wp\/v2\/comments?post=132158"}],"version-history":[{"count":0,"href":"https:\/\/linitiative.ca\/International\/wp-json\/wp\/v2\/posts\/132158\/revisions"}],"wp:attachment":[{"href":"https:\/\/linitiative.ca\/International\/wp-json\/wp\/v2\/media?parent=132158"}],"wp:term":[{"taxonomy":"category","embeddable":true,"href":"https:\/\/linitiative.ca\/International\/wp-json\/wp\/v2\/categories?post=132158"},{"taxonomy":"post_tag","embeddable":true,"href":"https:\/\/linitiative.ca\/International\/wp-json\/wp\/v2\/tags?post=132158"}],"curies":[{"name":"wp","href":"https:\/\/api.w.org\/{rel}","templated":true}]}}