{"id":132160,"date":"2021-11-06T14:40:41","date_gmt":"2021-11-06T18:40:41","guid":{"rendered":"https:\/\/linitiative.ca\/International\/cameroun-franck-biya-accueillit-comme-un-president-au-palais-du-roi-bamoun\/"},"modified":"2021-11-06T14:40:41","modified_gmt":"2021-11-06T18:40:41","slug":"cameroun-franck-biya-accueillit-comme-un-president-au-palais-du-roi-bamoun","status":"publish","type":"post","link":"https:\/\/linitiative.ca\/International\/cameroun-franck-biya-accueillit-comme-un-president-au-palais-du-roi-bamoun\/","title":{"rendered":"Cameroun : Franck Biya accueillit comme un pr\u00e9sident au Palais du roi Bamoun"},"content":{"rendered":"<div>\n<p><img loading=\"lazy\" decoding=\"async\" width=\"800\" height=\"528\" src=\"https:\/\/linitiative.ca\/International\/wp-content\/uploads\/sites\/23\/2021\/11\/Franck_Biya.jpeg\" class=\"attachment-post-thumbnail size-post-thumbnail wp-post-image\" alt=\"\" srcset=\"https:\/\/linitiative.ca\/International\/wp-content\/uploads\/sites\/23\/2021\/11\/Franck_Biya.jpeg 800w, https:\/\/www.journalducameroun.com\/wp-content\/uploads\/2021\/04\/Franck_Biya-300x198.jpeg 300w, https:\/\/www.journalducameroun.com\/wp-content\/uploads\/2021\/04\/Franck_Biya-768x507.jpeg 768w, https:\/\/www.journalducameroun.com\/wp-content\/uploads\/2021\/04\/Franck_Biya-667x440.jpeg 667w, https:\/\/www.journalducameroun.com\/wp-content\/uploads\/2021\/04\/Franck_Biya-600x396.jpeg 600w\" sizes=\"auto, (max-width: 800px) 100vw, 800px\"><\/p>\n<p style=\"text-align: justify;\"><strong>Le fils du chef de l&rsquo;\u00c9tat a \u00e9t\u00e9 re\u00e7u ce 6 novembre 2021 par le jeune monarque du Noun qui vient fra\u00eechement de succ\u00e9der \u00e0 son p\u00e8re Ibrahim Mbombo Njoya.\u00a0<\/strong><\/p>\n<p style=\"text-align: justify;\">\n<p style=\"text-align: justify;\">\n<p style=\"text-align: justify;\">\n<p style=\"text-align: justify;\">Nabil Mbombo Njoya, le nouveau\u00a0sultan des\u00a0<b>Bamoun <\/b>a re\u00e7u dans son palais\u00a0 ce samedi le fils de pr\u00e9sident <strong>Paul Biya. Franck Emmanuel Biya<\/strong> a \u00e9t\u00e9 accueilli par un dispositif sp\u00e9cial. Visiblement au protocole, <strong>Se\u00efdou Mbombo Njoya,<\/strong> le patron de la F\u00e9d\u00e9ration camerounaise de football (Fecafoot).<\/p>\n<p style=\"text-align: justify;\">La population \u00e9tait mass\u00e9e dans la cours royale pour acclamer l&rsquo;h\u00f4te du sultan. A sa descente de voiture. Franck Emmanuel &#8211; appel\u00e9 par certains activistes\u00a0 \u00e0 succ\u00e9der \u00e0 son p\u00e8re \u00e0 la t\u00eate de l&rsquo;\u00c9tat &#8211; re\u00e7oit les honneurs d&rsquo;un \u00e9l\u00e9ment de la police nationale avant d&rsquo;\u00eatre conduit vers le sultan qui l&rsquo;attend au perron du palais en pr\u00e9sence de ses notables.<\/p>\n<div style=\"width: 640px;\" class=\"wp-video\"><video class=\"wp-video-shortcode\" id=\"video-132160-1\" width=\"640\" height=\"352\" preload=\"metadata\" controls=\"controls\"><source type=\"video\/mp4\" src=\"https:\/\/www.journalducameroun.com\/wp-content\/uploads\/2021\/11\/VID-20211106-WA0038.mp4?_=1\" \/><a href=\"https:\/\/www.journalducameroun.com\/wp-content\/uploads\/2021\/11\/VID-20211106-WA0038.mp4\">https:\/\/www.journalducameroun.com\/wp-content\/uploads\/2021\/11\/VID-20211106-WA0038.mp4<\/a><\/video><\/div>\n<p style=\"text-align: justify;\">La visite de Franck Biya dans cette grande chefferie intervient le jour de la c\u00e9l\u00e9bration des 39 ans de pouvoir de son p\u00e8re. Aucune information n&rsquo;a pour l&rsquo;instant \u00e9t\u00e9 donn\u00e9e sur le but de sa rencontre avec le fils de celui qui aura dirig\u00e9 le royaume pendant 29 ans.<\/p>\n<p>Cet article <a rel=\"nofollow\" href=\"https:\/\/www.journalducameroun.com\/cameroun-franck-biya-accueillit-comme-un-president-au-palais-du-roi-bamoun-cameroun\/\">Cameroun : Franck Biya accueillit comme un pr\u00e9sident au Palais du roi Bamoun<\/a> est apparu en premier sur <a rel=\"nofollow\" href=\"https:\/\/www.journalducameroun.com\/\">Journal du Cameroun<\/a>.<\/p>\n<\/div>\n<p>Auteur: Christian DJIMADEU<br \/>\n<a href=\"https:\/\/www.journalducameroun.com\/cameroun-franck-biya-accueillit-comme-un-president-au-palais-du-roi-bamoun-cameroun\/\">Cliquez ici pour lire l&rsquo;article depuis sa source.<\/a><\/p>\n","protected":false},"excerpt":{"rendered":"<p>Le fils du chef de l&rsquo;\u00c9tat a \u00e9t\u00e9 re\u00e7u ce 6 novembre 2021 par le jeune monarque du Noun qui vient fra\u00eechement de succ\u00e9der \u00e0 son p\u00e8re Ibrahim Mbombo Njoya.\u00a0 Nabil Mbombo Njoya, le nouveau\u00a0sultan des\u00a0Bamoun a re\u00e7u dans son palais\u00a0 ce samedi le fils de pr\u00e9sident Paul Biya. Franck Emmanuel Biya a \u00e9t\u00e9 accueilli [&hellip;]<\/p>\n","protected":false},"author":1965,"featured_media":0,"comment_status":"closed","ping_status":"closed","sticky":false,"template":"","format":"standard","meta":{"fifu_image_url":"https:\/\/www.journalducameroun.com\/wp-content\/uploads\/2021\/04\/Franck_Biya.jpeg","fifu_image_alt":"Cameroun : Franck Biya accueillit comme un pr\u00e9sident au Palais du roi Bamoun","footnotes":""},"categories":[73,82],"tags":[],"class_list":["post-132160","post","type-post","status-publish","format-standard","hentry","category-actualite","category-cameroun"],"_links":{"self":[{"href":"https:\/\/linitiative.ca\/International\/wp-json\/wp\/v2\/posts\/132160","targetHints":{"allow":["GET"]}}],"collection":[{"href":"https:\/\/linitiative.ca\/International\/wp-json\/wp\/v2\/posts"}],"about":[{"href":"https:\/\/linitiative.ca\/International\/wp-json\/wp\/v2\/types\/post"}],"author":[{"embeddable":true,"href":"https:\/\/linitiative.ca\/International\/wp-json\/wp\/v2\/users\/1965"}],"replies":[{"embeddable":true,"href":"https:\/\/linitiative.ca\/International\/wp-json\/wp\/v2\/comments?post=132160"}],"version-history":[{"count":0,"href":"https:\/\/linitiative.ca\/International\/wp-json\/wp\/v2\/posts\/132160\/revisions"}],"wp:attachment":[{"href":"https:\/\/linitiative.ca\/International\/wp-json\/wp\/v2\/media?parent=132160"}],"wp:term":[{"taxonomy":"category","embeddable":true,"href":"https:\/\/linitiative.ca\/International\/wp-json\/wp\/v2\/categories?post=132160"},{"taxonomy":"post_tag","embeddable":true,"href":"https:\/\/linitiative.ca\/International\/wp-json\/wp\/v2\/tags?post=132160"}],"curies":[{"name":"wp","href":"https:\/\/api.w.org\/{rel}","templated":true}]}}