{"id":132162,"date":"2021-11-06T15:37:37","date_gmt":"2021-11-06T19:37:37","guid":{"rendered":"https:\/\/linitiative.ca\/International\/cameroun-elections-a-la-fecafoot-samuel-etoo-choisit-jean-bruno-tagne-comme-directeur-de-campagne\/"},"modified":"2021-11-06T15:37:37","modified_gmt":"2021-11-06T19:37:37","slug":"cameroun-elections-a-la-fecafoot-samuel-etoo-choisit-jean-bruno-tagne-comme-directeur-de-campagne","status":"publish","type":"post","link":"https:\/\/linitiative.ca\/International\/cameroun-elections-a-la-fecafoot-samuel-etoo-choisit-jean-bruno-tagne-comme-directeur-de-campagne\/","title":{"rendered":"Cameroun \u2013 Elections \u00e0 la F\u00e9cafoot : Samuel Eto\u2019o choisit Jean Bruno Tagne comme directeur de Campagne"},"content":{"rendered":"<div>\n<p><img loading=\"lazy\" decoding=\"async\" width=\"900\" height=\"600\" src=\"https:\/\/linitiative.ca\/International\/wp-content\/uploads\/sites\/23\/2021\/11\/voici-le-profil-de-jean-bruno-tagne.jpg\" class=\"attachment-post-thumbnail size-post-thumbnail wp-post-image\" alt=\"\" srcset=\"https:\/\/linitiative.ca\/International\/wp-content\/uploads\/sites\/23\/2021\/11\/voici-le-profil-de-jean-bruno-tagne.jpg 900w, https:\/\/www.journalducameroun.com\/wp-content\/uploads\/2021\/11\/voici-le-profil-de-jean-bruno-tagne-300x200.jpg 300w, https:\/\/www.journalducameroun.com\/wp-content\/uploads\/2021\/11\/voici-le-profil-de-jean-bruno-tagne-768x512.jpg 768w, https:\/\/www.journalducameroun.com\/wp-content\/uploads\/2021\/11\/voici-le-profil-de-jean-bruno-tagne-660x440.jpg 660w, https:\/\/www.journalducameroun.com\/wp-content\/uploads\/2021\/11\/voici-le-profil-de-jean-bruno-tagne-600x400.jpg 600w\" sizes=\"auto, (max-width: 900px) 100vw, 900px\"><\/p>\n<p><strong>Pour\u00a0l&rsquo;\u00e9lection \u00e0 la pr\u00e9sidence de la F\u00e9d\u00e9ration camerounaise de football, l&rsquo;ancien capitaine des Lions indomptables s&rsquo;appuie sur un c\u00e9l\u00e8bre journaliste pour vendre son plan d&rsquo;action aupr\u00e8s des \u00e9lecteurs.\u00a0<\/strong><\/p>\n<p>\u00a0<\/p>\n<p>\u00a0<\/p>\n<p>\u00a0<\/p>\n<p>\u00a0<\/p>\n<p style=\"text-align: justify;\"><strong>Jean Bruno Tagne,<\/strong> nomm\u00e9 directeur de campagne de <strong>Samuel Eto&rsquo;o<\/strong> ce 6 novembre 2021. Il va convaincre les 60 d\u00e9l\u00e9gu\u00e9s venus des dix r\u00e9gions du Cameroun \u00e0 porter leur choix sur le quadruple ballon d&rsquo;or africain.<\/p>\n<p>Avec le journaliste, Samuel Eto&rsquo;o Fils croit avoir fait le bon pari. \u00ab\u00a0<em>Le choix port\u00e9 sur cette personnalit\u00e9 exp\u00e9riment\u00e9e laisse augurer d&rsquo;une campagne transcendant tous les clivages, pour ne viser que l&rsquo;aboutissement de notre cause commune \u00e0 savoir, la restauration de la grandeur de notre Sport-Roi.<\/em>\u00bb<\/p>\n<p style=\"text-align: justify;\">Dans la note de nomination, Eto&rsquo;o Fils fait une br\u00e8ve pr\u00e9sentation de son nouvel homme fort\u00a0\u00ab\u00a0<em>Journaliste \u00e0 l&rsquo;exp\u00e9rience riche et diversifi\u00e9e, ex-membre du Conseil national de la communication nomm\u00e9 par le pr\u00e9sident Paul Biya, Jean Bruno Tagne est une figure reconnue de la presse camerounaise en g\u00e9n\u00e9ral et sportive en particulier. Cet expert et consultant football exerce aussi \u00e0 Radio Foot international sur RFI. II est \u00e9galement, par ailleurs, actionnaire et directeur g\u00e9n\u00e9ral adjoint de Naja TV<\/em>\u00bb, \u00e9crit-il.<\/p>\n<figure id=\"attachment_397926\" aria-describedby=\"caption-attachment-397926\" style=\"width: 640px\" class=\"wp-caption alignnone\"><img loading=\"lazy\" decoding=\"async\" class=\"size-full wp-image-397926\" src=\"https:\/\/linitiative.ca\/International\/wp-content\/uploads\/sites\/23\/2021\/11\/71494527_10157464188283398_1261480513864990720_n-1.jpg\" alt=\"\" width=\"640\" height=\"960\"><figcaption id=\"caption-attachment-397926\" class=\"wp-caption-text\">Jean Bruno Tagne<\/figcaption><\/figure>\n<p style=\"text-align: justify;\">Jean Bruno Tagne,\u00a0auteur de deux ouvrages : \u00ab <em><strong>Programm\u0117s pour<\/strong> <strong>\u00e9chouer<\/strong><\/em>, et <em><strong>La trag\u00e9die des Lions Indomptables<\/strong><\/em>, a un challenge important n&rsquo;\u00e9tant pas membre du corps \u00e9lectoral.\u00a0Il doit porter au firmament un homme avec qui ses rapports ces derni\u00e8res ann\u00e9es n&rsquo;\u00e9taient pas des plus chaleureux.<\/p>\n<p style=\"text-align: justify;\">Le candidat d\u00e9clar\u00e9 \u00e0 la pr\u00e9sidence de la F\u00e9cafoot a ainsi\u00a0 d\u00e9cid\u00e9 de taire ses querelles avec les acteurs du football. Peu avant c&rsquo;\u00e9tait la r\u00e9conciliation avec quelques\u00a0 anciens Lions indomptables. C&rsquo;est qu&rsquo;au soir du 11 d\u00e9cembre prochain, Eto&rsquo;o se veut pr\u00e9sident de la F\u00e9d\u00e9ration africaine de football.<\/p>\n<p style=\"text-align: justify;\">\n<p>Cet article <a rel=\"nofollow\" href=\"https:\/\/www.journalducameroun.com\/cameroun-elections-a-la-fecafoot-samuel-etoo-choisit-jean-bruno-tagne-comme-directeur-de-campagne-cameroun\/\">Cameroun \u2013 Elections \u00e0 la F\u00e9cafoot : Samuel Eto\u2019o choisit Jean Bruno Tagne comme directeur de Campagne<\/a> est apparu en premier sur <a rel=\"nofollow\" href=\"https:\/\/www.journalducameroun.com\/\">Journal du Cameroun<\/a>.<\/p>\n<\/div>\n<p>Auteur: Christian DJIMADEU<br \/>\n<a href=\"https:\/\/www.journalducameroun.com\/cameroun-elections-a-la-fecafoot-samuel-etoo-choisit-jean-bruno-tagne-comme-directeur-de-campagne-cameroun\/\">Cliquez ici pour lire l&rsquo;article depuis sa source.<\/a><\/p>\n","protected":false},"excerpt":{"rendered":"<p>Pour\u00a0l&rsquo;\u00e9lection \u00e0 la pr\u00e9sidence de la F\u00e9d\u00e9ration camerounaise de football, l&rsquo;ancien capitaine des Lions indomptables s&rsquo;appuie sur un c\u00e9l\u00e8bre journaliste pour vendre son plan d&rsquo;action aupr\u00e8s des \u00e9lecteurs.\u00a0 \u00a0 \u00a0 \u00a0 \u00a0 Jean Bruno Tagne, nomm\u00e9 directeur de campagne de Samuel Eto&rsquo;o ce 6 novembre 2021. Il va convaincre les 60 d\u00e9l\u00e9gu\u00e9s venus des dix [&hellip;]<\/p>\n","protected":false},"author":1965,"featured_media":0,"comment_status":"closed","ping_status":"closed","sticky":false,"template":"","format":"standard","meta":{"fifu_image_url":"https:\/\/www.journalducameroun.com\/wp-content\/uploads\/2021\/11\/voici-le-profil-de-jean-bruno-tagne.jpg","fifu_image_alt":"Cameroun \u2013 Elections \u00e0 la F\u00e9cafoot : Samuel Eto\u2019o choisit Jean Bruno Tagne comme directeur de Campagne","footnotes":""},"categories":[73,82],"tags":[],"class_list":["post-132162","post","type-post","status-publish","format-standard","hentry","category-actualite","category-cameroun"],"_links":{"self":[{"href":"https:\/\/linitiative.ca\/International\/wp-json\/wp\/v2\/posts\/132162","targetHints":{"allow":["GET"]}}],"collection":[{"href":"https:\/\/linitiative.ca\/International\/wp-json\/wp\/v2\/posts"}],"about":[{"href":"https:\/\/linitiative.ca\/International\/wp-json\/wp\/v2\/types\/post"}],"author":[{"embeddable":true,"href":"https:\/\/linitiative.ca\/International\/wp-json\/wp\/v2\/users\/1965"}],"replies":[{"embeddable":true,"href":"https:\/\/linitiative.ca\/International\/wp-json\/wp\/v2\/comments?post=132162"}],"version-history":[{"count":0,"href":"https:\/\/linitiative.ca\/International\/wp-json\/wp\/v2\/posts\/132162\/revisions"}],"wp:attachment":[{"href":"https:\/\/linitiative.ca\/International\/wp-json\/wp\/v2\/media?parent=132162"}],"wp:term":[{"taxonomy":"category","embeddable":true,"href":"https:\/\/linitiative.ca\/International\/wp-json\/wp\/v2\/categories?post=132162"},{"taxonomy":"post_tag","embeddable":true,"href":"https:\/\/linitiative.ca\/International\/wp-json\/wp\/v2\/tags?post=132162"}],"curies":[{"name":"wp","href":"https:\/\/api.w.org\/{rel}","templated":true}]}}