{"id":132169,"date":"2021-11-06T15:00:44","date_gmt":"2021-11-06T19:00:44","guid":{"rendered":"https:\/\/linitiative.ca\/International\/sommet-international-du-numerique-le-cameroun-plaide-pour-lemergence-des-villes-intelligentes\/"},"modified":"2021-11-06T15:00:44","modified_gmt":"2021-11-06T19:00:44","slug":"sommet-international-du-numerique-le-cameroun-plaide-pour-lemergence-des-villes-intelligentes","status":"publish","type":"post","link":"https:\/\/linitiative.ca\/International\/sommet-international-du-numerique-le-cameroun-plaide-pour-lemergence-des-villes-intelligentes\/","title":{"rendered":"Sommet international du num\u00e9rique : le Cameroun plaide pour l\u2019\u00e9mergence des villes intelligentes"},"content":{"rendered":"<div>\n<p>Dans le cadre du partenariat qui lie l\u2019Union europ\u00e9enne \u00e0 l\u2019Association internationale des maires francophones (Aimf), un sommet sur le num\u00e9rique a \u00e9t\u00e9 organis\u00e9 \u00e0 Namur, en Belgique, du 3 au 5 novembre 2021. C\u2019est sur le th\u00e8me \u00ab\u00a0Villes et gouvernements pour un num\u00e9rique au service du d\u00e9veloppement urbain et la r\u00e9silience des territoires\u00a0\u00bb, que se sont tenues les travaux qui ont regroup\u00e9 les villes membres de l\u2019Aimf, les ministres et les administrations nationales, des d\u00e9put\u00e9s et des universitaires issus des pays francophones.<\/p>\n<p>L\u2019objectif \u00e9tant de renforcer l\u2019articulation des politiques locales, nationales et internationales afin de promouvoir un num\u00e9rique au service du d\u00e9veloppement des territoires, de l\u2019innovation et de l\u2019emploi des jeunes, qui soit s\u00fbr et respectueux des donn\u00e9es personnelles.<\/p>\n<p>Le Cameroun y \u00e9tait repr\u00e9sent\u00e9 par le ministre des Postes et t\u00e9l\u00e9communications (Minpostel), Minette Libom Likeng. Durant sa prise de parole, le Minpostel a profit\u00e9 pour pr\u00e9senter toutes les avanc\u00e9es sur le plan du num\u00e9rique op\u00e9r\u00e9es au Cameroun. Avanc\u00e9es qui s\u2019inscrivent dans la strat\u00e9gie mise en place par le gouvernement pour tirer avantage de l\u2019\u00e9conomie num\u00e9rique.\u00a0\u00a0Dans la mise en \u0153uvre de cette strat\u00e9gie l\u2019on note le d\u00e9veloppement des infrastructures num\u00e9riques et le d\u00e9veloppement d\u2019une industrie locale du num\u00e9rique. Sur ce point pr\u00e9cis, le Minpostel annonce pour les prochains jours d\u2019un Centre national d\u2019innovation et de d\u00e9veloppement de l\u2019\u00e9conomie num\u00e9rique dans la ville de Yaound\u00e9, avec pour objectif de cr\u00e9er\u00a0\u00a0un cadre de facilitation permettant de booster la cr\u00e9ation et la mise en place d\u2019entreprise par les jeunes, \u00e0 travers la recherche, la d\u00e9tection, la formation et l\u2019accompagnement des start-ups jusqu\u2019\u00e0 leur autonomisation compl\u00e8te et \u00e9galement de servir de portail de recherche d\u2019emplois).<\/p>\n<p>Notons que les travaux de Namur s\u2019inscrivent dans la continuit\u00e9 des travaux initi\u00e9s les 7 et 8 novembre 2019, au si\u00e8ge de la D\u00e9l\u00e9gation Wallpnie-Bruxelles \u00e0 Paris sur la protection, la gestion et la valorisation des donn\u00e9es num\u00e9rique et \u00e0 Phnom Penh avec l\u2019adoption d\u2019une feuille de route le 3 d\u00e9cembre 2019.<\/p>\n<p>L\u2019article <a rel=\"nofollow\" href=\"https:\/\/ecomatin.net\/sommet-international-du-numerique-le-cameroun-plaide-pour-lemergence-des-villes-intelligentes\/\">Sommet international du num\u00e9rique : le Cameroun plaide pour l\u2019\u00e9mergence des villes intelligentes<\/a> est apparu en premier sur <a rel=\"nofollow\" href=\"https:\/\/ecomatin.net\/\">EcoMatin<\/a>.<\/p>\n<\/div>\n<p>Auteur: Cindy MBALA<br \/>\n<a href=\"https:\/\/ecomatin.net\/sommet-international-du-numerique-le-cameroun-plaide-pour-lemergence-des-villes-intelligentes\/\">Cliquez ici pour lire l&rsquo;article depuis sa source.<\/a><\/p>\n","protected":false},"excerpt":{"rendered":"<p>Dans le cadre du partenariat qui lie l\u2019Union europ\u00e9enne \u00e0 l\u2019Association internationale des maires francophones (Aimf), un sommet sur le num\u00e9rique a \u00e9t\u00e9 organis\u00e9 \u00e0 Namur, en Belgique, du 3 au 5 novembre 2021. C\u2019est sur le th\u00e8me \u00ab\u00a0Villes et gouvernements pour un num\u00e9rique au service du d\u00e9veloppement urbain et la r\u00e9silience des territoires\u00a0\u00bb, que [&hellip;]<\/p>\n","protected":false},"author":1969,"featured_media":0,"comment_status":"closed","ping_status":"closed","sticky":false,"template":"","format":"standard","meta":{"fifu_image_url":"","fifu_image_alt":"","footnotes":""},"categories":[82,78],"tags":[],"class_list":["post-132169","post","type-post","status-publish","format-standard","hentry","category-cameroun","category-economie"],"_links":{"self":[{"href":"https:\/\/linitiative.ca\/International\/wp-json\/wp\/v2\/posts\/132169","targetHints":{"allow":["GET"]}}],"collection":[{"href":"https:\/\/linitiative.ca\/International\/wp-json\/wp\/v2\/posts"}],"about":[{"href":"https:\/\/linitiative.ca\/International\/wp-json\/wp\/v2\/types\/post"}],"author":[{"embeddable":true,"href":"https:\/\/linitiative.ca\/International\/wp-json\/wp\/v2\/users\/1969"}],"replies":[{"embeddable":true,"href":"https:\/\/linitiative.ca\/International\/wp-json\/wp\/v2\/comments?post=132169"}],"version-history":[{"count":0,"href":"https:\/\/linitiative.ca\/International\/wp-json\/wp\/v2\/posts\/132169\/revisions"}],"wp:attachment":[{"href":"https:\/\/linitiative.ca\/International\/wp-json\/wp\/v2\/media?parent=132169"}],"wp:term":[{"taxonomy":"category","embeddable":true,"href":"https:\/\/linitiative.ca\/International\/wp-json\/wp\/v2\/categories?post=132169"},{"taxonomy":"post_tag","embeddable":true,"href":"https:\/\/linitiative.ca\/International\/wp-json\/wp\/v2\/tags?post=132169"}],"curies":[{"name":"wp","href":"https:\/\/api.w.org\/{rel}","templated":true}]}}