{"id":132176,"date":"2021-11-07T07:54:21","date_gmt":"2021-11-07T12:54:21","guid":{"rendered":"https:\/\/linitiative.ca\/International\/le-discours-royal-a-ete-marque-par-la-franchise-la-clarte-et-la-fermete-souligne-le-chef-du-gouvernement-aziz-akhannouch\/"},"modified":"2021-11-07T07:54:21","modified_gmt":"2021-11-07T12:54:21","slug":"le-discours-royal-a-ete-marque-par-la-franchise-la-clarte-et-la-fermete-souligne-le-chef-du-gouvernement-aziz-akhannouch","status":"publish","type":"post","link":"https:\/\/linitiative.ca\/International\/le-discours-royal-a-ete-marque-par-la-franchise-la-clarte-et-la-fermete-souligne-le-chef-du-gouvernement-aziz-akhannouch\/","title":{"rendered":"Le discours royal a \u00e9t\u00e9 marqu\u00e9 par la franchise, la clart\u00e9 et la fermet\u00e9, souligne le Chef du gouvernement Aziz Akhannouch"},"content":{"rendered":"<div>\n<p><img loading=\"lazy\" decoding=\"async\" width=\"300\" height=\"153\" src=\"https:\/\/linitiative.ca\/International\/wp-content\/uploads\/sites\/23\/2021\/11\/Discours-Royal-Marche-Verte-2021-300x153-1.jpg\" class=\"attachment-medium size-medium wp-post-image\" alt=\"\" srcset=\"https:\/\/linitiative.ca\/International\/wp-content\/uploads\/sites\/23\/2021\/11\/Discours-Royal-Marche-Verte-2021-300x153-1.jpg 300w, https:\/\/aujourdhui.ma\/wp-content\/uploads\/2021\/11\/Discours-Royal-Marche-Verte-2021-274x140.jpg 274w, https:\/\/aujourdhui.ma\/wp-content\/uploads\/2021\/11\/Discours-Royal-Marche-Verte-2021.jpg 746w, https:\/\/aujourdhui.ma\/wp-content\/uploads\/2021\/11\/Discours-Royal-Marche-Verte-2021-165x84.jpg 165w, https:\/\/aujourdhui.ma\/wp-content\/uploads\/2021\/11\/Discours-Royal-Marche-Verte-2021-702x358.jpg 702w\" sizes=\"auto, (max-width: 300px) 100vw, 300px\"><\/p>\n<p><span style=\"color: #800000; font-size: 20px;\"><strong>Le discours royal \u00e0 l\u2019occasion du 46-\u00e8me anniversaire de la Marche verte a \u00e9t\u00e9 marqu\u00e9 par la franchise, la clart\u00e9 et la fermet\u00e9, a soulign\u00e9 le Chef du gouvernement Aziz Akhannouch.<\/strong><\/span><br \/>\n<span id=\"more-390775\"><\/span><\/p>\n<p>Dans une d\u00e9claration en r\u00e9action au Discours royal, M. Akhannouch a aussi relev\u00e9 un discours tourn\u00e9 vers l\u2019avenir de m\u00eame qu\u2019il est caract\u00e9ris\u00e9 par l\u2019esprit positif.<br \/>\nLe discours royal a mis les points sur les i concernant les d\u00e9veloppements de la question de l\u2019int\u00e9grit\u00e9 territoriale du Royaume en r\u00e9affirmant que la marocanit\u00e9 du Sahara ne sera jamais \u00e0 l\u2019ordre du jour d\u2019une quelconque tractation et que \u00ab\u00a0si nous engageons des n\u00e9gociations, c\u2019est essentiellement pour parvenir \u00e0 un r\u00e8glement pacifique de ce conflit r\u00e9gional artificiel\u00a0\u00bb, a rappel\u00e9 le chef du gouvernement.<br \/>\nCe processus ne cesse de recueillir du soutien et de l\u2019appui au niveau international, s\u2019est f\u00e9licit\u00e9 M. Akhannouch notant que dans Son Discours, SM le Roi a aussi soulign\u00e9 les importants acquis diplomatiques r\u00e9alis\u00e9s et la dynamique de d\u00e9veloppement soutenue dans les provinces du sud.<\/p>\n<p>Le Souverain a aussi \u00e9voqu\u00e9 le processus de d\u00e9veloppement au Sahara marocain et les r\u00e9alisations que connaissent les provinces du sud, ce qui s\u2019est r\u00e9percut\u00e9 d\u2019une mani\u00e8re tangible sur la vie quotidienne des populations.<\/p>\n<p>Le chef du gouvernement a \u00e9galement indiqu\u00e9 que SM le Roi a mis en avant le r\u00f4le des partenaires internationaux de bonne foi qui, en toute clart\u00e9 et en toute transparence, investissent aux c\u00f4t\u00e9s du secteur priv\u00e9 national et contribuent ainsi au bien-\u00eatre de la population des r\u00e9gions du Sahara, devenues, d\u00e9sormais, un espace ouvert aux opportunit\u00e9s de d\u00e9veloppement et une plateforme propice \u00e0 l\u2019investissement.<\/p>\n<p>Il a en outre soulign\u00e9 la n\u00e9cessit\u00e9 de s\u2019arr\u00eater sur les signaux envoy\u00e9s par les citoyens dans les provinces du sud lors des \u00e9ch\u00e9ances \u00e9lectorales du 08 septembre dernier ce qui s\u2019est traduit par un taux de participation record dans les trois r\u00e9gions.<\/p>\n<p>Il s\u2019agit, selon M. Akhannouch, d\u2019une r\u00e9ponse aux tentatives des ennemis de l\u2019int\u00e9grit\u00e9 territoriale du Royaume, de m\u00eame que cela tranche le d\u00e9bat sur les repr\u00e9sentants l\u00e9gitimes des citoyens des provinces sahariennes loin des mensonges des ennemis.<\/p>\n<p>Il a par ailleurs affirm\u00e9 que le Maroc est un Etat responsable qui respecte ses engagements internationaux et qui est attach\u00e9 \u00e0 la paix et aux voies diplomatiques pour d\u00e9fendre son Sahara.<\/p>\n<p>M. Akhannouch a aussi rappel\u00e9 les v\u0153ux les plus sinc\u00e8res d\u2019unit\u00e9 et de stabilit\u00e9, de progr\u00e8s et de prosp\u00e9rit\u00e9 adress\u00e9s par SM le Roi aux peuples du Maghreb, soulignant qu\u2019il s\u2019agit d\u2019un message fort confirmant le souci du Maroc et du Souverain de veiller \u00e0 l\u2019unit\u00e9 des peuples de la r\u00e9gion et leurs aspirations au d\u00e9veloppement et au progr\u00e8s.<\/p>\n<\/div>\n<p>Auteur: ALM<br \/>\n<a href=\"https:\/\/aujourdhui.ma\/politique\/le-discours-royal-a-ete-marque-par-la-franchise-la-clarte-et-la-fermete-souligne-le-chef-du-gouvernement-aziz-akhannouch\">Cliquez ici pour lire l&rsquo;article depuis sa source.<\/a><\/p>\n","protected":false},"excerpt":{"rendered":"<p>Le discours royal \u00e0 l\u2019occasion du 46-\u00e8me anniversaire de la Marche verte a \u00e9t\u00e9 marqu\u00e9 par la franchise, la clart\u00e9 et la fermet\u00e9, a soulign\u00e9 le Chef du gouvernement Aziz Akhannouch. Dans une d\u00e9claration en r\u00e9action au Discours royal, M. Akhannouch a aussi relev\u00e9 un discours tourn\u00e9 vers l\u2019avenir de m\u00eame qu\u2019il est caract\u00e9ris\u00e9 par [&hellip;]<\/p>\n","protected":false},"author":1759,"featured_media":0,"comment_status":"closed","ping_status":"closed","sticky":false,"template":"","format":"standard","meta":{"fifu_image_url":"https:\/\/aujourdhui.ma\/wp-content\/uploads\/2021\/11\/Discours-Royal-Marche-Verte-2021-300x153.jpg","fifu_image_alt":"Le discours royal a \u00e9t\u00e9 marqu\u00e9 par la franchise, la clart\u00e9 et la fermet\u00e9, souligne le Chef du gouvernement Aziz Akhannouch","footnotes":""},"categories":[73,54],"tags":[],"class_list":["post-132176","post","type-post","status-publish","format-standard","hentry","category-actualite","category-maroc"],"_links":{"self":[{"href":"https:\/\/linitiative.ca\/International\/wp-json\/wp\/v2\/posts\/132176","targetHints":{"allow":["GET"]}}],"collection":[{"href":"https:\/\/linitiative.ca\/International\/wp-json\/wp\/v2\/posts"}],"about":[{"href":"https:\/\/linitiative.ca\/International\/wp-json\/wp\/v2\/types\/post"}],"author":[{"embeddable":true,"href":"https:\/\/linitiative.ca\/International\/wp-json\/wp\/v2\/users\/1759"}],"replies":[{"embeddable":true,"href":"https:\/\/linitiative.ca\/International\/wp-json\/wp\/v2\/comments?post=132176"}],"version-history":[{"count":0,"href":"https:\/\/linitiative.ca\/International\/wp-json\/wp\/v2\/posts\/132176\/revisions"}],"wp:attachment":[{"href":"https:\/\/linitiative.ca\/International\/wp-json\/wp\/v2\/media?parent=132176"}],"wp:term":[{"taxonomy":"category","embeddable":true,"href":"https:\/\/linitiative.ca\/International\/wp-json\/wp\/v2\/categories?post=132176"},{"taxonomy":"post_tag","embeddable":true,"href":"https:\/\/linitiative.ca\/International\/wp-json\/wp\/v2\/tags?post=132176"}],"curies":[{"name":"wp","href":"https:\/\/api.w.org\/{rel}","templated":true}]}}