{"id":132195,"date":"2021-11-07T06:11:11","date_gmt":"2021-11-07T11:11:11","guid":{"rendered":"https:\/\/linitiative.ca\/International\/previsions-meteorologiques-pour-le-lundi-08-novembre-2021\/"},"modified":"2021-11-07T06:11:11","modified_gmt":"2021-11-07T11:11:11","slug":"previsions-meteorologiques-pour-le-lundi-08-novembre-2021","status":"publish","type":"post","link":"https:\/\/linitiative.ca\/International\/previsions-meteorologiques-pour-le-lundi-08-novembre-2021\/","title":{"rendered":"Pr\u00e9visions m\u00e9t\u00e9orologiques pour le lundi 08 novembre 2021"},"content":{"rendered":"<div>\n<div style=\"margin-bottom:20px;\"><img loading=\"lazy\" decoding=\"async\" width=\"750\" height=\"430\" src=\"https:\/\/linitiative.ca\/International\/wp-content\/uploads\/sites\/23\/2021\/11\/soleil_mC3A9tC3A9o-3.jpg\" class=\"attachment-post-thumbnail size-post-thumbnail wp-post-image\" alt=\"\" srcset=\"https:\/\/linitiative.ca\/International\/wp-content\/uploads\/sites\/23\/2021\/11\/soleil_mC3A9tC3A9o-3.jpg 750w, http:\/\/www.mapmarrakech.ma\/map\/uploads\/2021\/11\/soleil_m\u00e9t\u00e9o-3-300x172.jpg 300w\" sizes=\"auto, (max-width: 750px) 100vw, 750px\"><\/div>\n<p>\u2013 Temps assez froid \u00e0 localement froid sur l\u2019Atlas, le Rif, le Saiss, les versants Sud-Est et l\u2019Oriental.<\/p>\n<p>\u2013 Temps stable et clair \u00e0 peu nuageux.<\/p>\n<p>\u2013 Chasse-poussi\u00e8res possibles sur le Nord des provinces Sud et le Sud-Est.<\/p>\n<p>\u2013 Vent faible \u00e0 mod\u00e9r\u00e9 de Nord \u00e0 Est sur les provinces Sud, de Sud sur le Sud-Est et de Nord \u00e0 Ouest ailleurs.<\/p>\n<p>\u2013 Temp\u00e9ratures minimales en baisse et de l\u2019ordre de -04\/03\u00b0c sur l\u2019Atlas, le Rif et les hauts plateaux orientaux, 09\/15\u00b0c pr\u00e8s des c\u00f4tes nord et centre, le Souss et le Nord des provinces sud, 15\/20\u00b0c sur le Sud des provinces sahariennes et de 03\/09\u00b0c ailleurs.<\/p>\n<p>\u2013 Temp\u00e9ratures maximales de l\u2019ordre de 06\/12\u00b0c sur l\u2019Atlas, 12\/17\u00b0c sur l\u2019Oriental, le Rif et les versants Sud-Est, 24\/30\u00b0c sur les provinces Sud et de 17\/23\u00b0c partout ailleurs.<\/p>\n<p>\u2013 Mer peu agit\u00e9e \u00e0 agit\u00e9e sur la M\u00e9diterran\u00e9e, belle \u00e0 peu agit\u00e9e sur le D\u00e9troit, peu agit\u00e9e entre Cap Spartel et Safi et peu agit\u00e9e \u00e0 agit\u00e9e ailleurs.<\/p>\n<p>The post <a rel=\"nofollow\" href=\"http:\/\/www.mapmarrakech.ma\/fr\/previsions-meteorologiques-pour-le-lundi-08-novembre-2021\/\">Pr\u00e9visions m\u00e9t\u00e9orologiques pour le lundi 08 novembre 2021<\/a> appeared first on <a rel=\"nofollow\" href=\"http:\/\/www.mapmarrakech.ma\/fr\">MapMarrakech<\/a>.<\/p>\n<\/div>\n<p>Auteur: Meriem IGASS<br \/>\n<a href=\"http:\/\/www.mapmarrakech.ma\/fr\/previsions-meteorologiques-pour-le-lundi-08-novembre-2021\/\">Cliquez ici pour lire l&rsquo;article depuis sa source.<\/a><\/p>\n","protected":false},"excerpt":{"rendered":"<p>\u2013 Temps assez froid \u00e0 localement froid sur l\u2019Atlas, le Rif, le Saiss, les versants Sud-Est et l\u2019Oriental. \u2013 Temps stable et clair \u00e0 peu nuageux. \u2013 Chasse-poussi\u00e8res possibles sur le Nord des provinces Sud et le Sud-Est. \u2013 Vent faible \u00e0 mod\u00e9r\u00e9 de Nord \u00e0 Est sur les provinces Sud, de Sud sur le [&hellip;]<\/p>\n","protected":false},"author":1788,"featured_media":0,"comment_status":"closed","ping_status":"closed","sticky":false,"template":"","format":"standard","meta":{"fifu_image_url":"http:\/\/www.mapmarrakech.ma\/map\/uploads\/2021\/11\/soleil_m\u00e9t\u00e9o-3.jpg","fifu_image_alt":"Pr\u00e9visions m\u00e9t\u00e9orologiques pour le lundi 08 novembre 2021","footnotes":""},"categories":[54,76],"tags":[],"class_list":["post-132195","post","type-post","status-publish","format-standard","hentry","category-maroc","category-regions"],"_links":{"self":[{"href":"https:\/\/linitiative.ca\/International\/wp-json\/wp\/v2\/posts\/132195","targetHints":{"allow":["GET"]}}],"collection":[{"href":"https:\/\/linitiative.ca\/International\/wp-json\/wp\/v2\/posts"}],"about":[{"href":"https:\/\/linitiative.ca\/International\/wp-json\/wp\/v2\/types\/post"}],"author":[{"embeddable":true,"href":"https:\/\/linitiative.ca\/International\/wp-json\/wp\/v2\/users\/1788"}],"replies":[{"embeddable":true,"href":"https:\/\/linitiative.ca\/International\/wp-json\/wp\/v2\/comments?post=132195"}],"version-history":[{"count":0,"href":"https:\/\/linitiative.ca\/International\/wp-json\/wp\/v2\/posts\/132195\/revisions"}],"wp:attachment":[{"href":"https:\/\/linitiative.ca\/International\/wp-json\/wp\/v2\/media?parent=132195"}],"wp:term":[{"taxonomy":"category","embeddable":true,"href":"https:\/\/linitiative.ca\/International\/wp-json\/wp\/v2\/categories?post=132195"},{"taxonomy":"post_tag","embeddable":true,"href":"https:\/\/linitiative.ca\/International\/wp-json\/wp\/v2\/tags?post=132195"}],"curies":[{"name":"wp","href":"https:\/\/api.w.org\/{rel}","templated":true}]}}