{"id":132199,"date":"2021-11-07T12:40:30","date_gmt":"2021-11-07T17:40:30","guid":{"rendered":"https:\/\/linitiative.ca\/International\/la-zaouia-amgharia-celebre-le-46e-anniversaire-de-la-glorieuse-marche-verte\/"},"modified":"2021-11-07T12:40:30","modified_gmt":"2021-11-07T17:40:30","slug":"la-zaouia-amgharia-celebre-le-46e-anniversaire-de-la-glorieuse-marche-verte","status":"publish","type":"post","link":"https:\/\/linitiative.ca\/International\/la-zaouia-amgharia-celebre-le-46e-anniversaire-de-la-glorieuse-marche-verte\/","title":{"rendered":"La Zaouia Amgharia c\u00e9l\u00e8bre le 46\u00e8 anniversaire de la glorieuse Marche Verte"},"content":{"rendered":"<div>\n<div style=\"margin-bottom:20px;\"><img loading=\"lazy\" decoding=\"async\" width=\"750\" height=\"430\" src=\"https:\/\/linitiative.ca\/International\/wp-content\/uploads\/sites\/23\/2021\/11\/tamesloht-copier.jpg\" class=\"attachment-post-thumbnail size-post-thumbnail wp-post-image\" alt=\"\" srcset=\"https:\/\/linitiative.ca\/International\/wp-content\/uploads\/sites\/23\/2021\/11\/tamesloht-copier.jpg 750w, http:\/\/www.mapmarrakech.ma\/map\/uploads\/2021\/11\/tamesloht-copier-300x172.jpg 300w\" sizes=\"auto, (max-width: 750px) 100vw, 750px\"><\/div>\n<p>Dans leurs interventions, des professeurs universitaires, des chercheurs et des adeptes de la zaouia, ont \u00e9t\u00e9 unanimes \u00e0 souligner que \u00ab\u00a0cet \u00e9v\u00e9nement historique majeur relate des pages lumineuses de la lutte nationale pour que le Maroc parach\u00e8ve son ind\u00e9pendance et consolide son int\u00e9grit\u00e9 territoriale\u00a0\u00bb.<\/p>\n<p>Ils ont \u00e9galement mis en relief l\u2019engagement solide et exemplaire de l\u2019ensemble des Marocains, et leur attachement ind\u00e9fectible \u00e0 la d\u00e9fense des sacralit\u00e9s religieuses et des fondamentaux du Royaume.<\/p>\n<p>Tout en se rem\u00e9morant les moments phares de cette Glorieuse Marche Verte, unique en son genre, les diff\u00e9rents participants, ont salu\u00e9 la sagesse et le g\u00e9nie de Feu SM Hassan II, le Roi unificateur, qui a su mobiliser 350.000 Marocaines et Marocains pour aller r\u00e9cup\u00e9rer les provinces du sud du Royaume et d\u00e9fendre l\u2019int\u00e9grit\u00e9 territoriale du Royaume.<\/p>\n<p>\u00ab\u00a0Nous organisons cette s\u00e9rie d\u2019activit\u00e9s pour comm\u00e9morer le 46e anniversaire de la Glorieuse Marche Verte, dans le cadre de notre tradition de c\u00e9l\u00e9brer cet \u00e9v\u00e9nement, qui constitue une reproduction de la marche du Proph\u00e8te (PSSL) sur La Mecque, une marche pacifique et un jih\u00e2d sans armes\u00a0\u00bb, a soulign\u00e9 le cheikh de la zaouia Amgharia de Tamesloht, M. Saidi Moulay Zaghloul, dans une d\u00e9claration \u00e0 la MAP.<\/p>\n<p>Et de rappeler que toutes les composantes du peuple marocain ont d\u00e9montr\u00e9 leur loyalisme et leur attachement ind\u00e9fectible au Glorieux Tr\u00f4ne Alaouite, \u00e0 leur patrie et \u00e0 l\u2019int\u00e9grit\u00e9 territoriale du Royaume.<\/p>\n<p>Le cheikh la Zaouia, fond\u00e9e au Xe si\u00e8cle de l\u2019h\u00e9gire par Abdellah Ben Houcine Amghari, motiv\u00e9 par son cheikh Abdellah Ghazouani Moul Laksour, disciple d\u2019Abdelaziz Al-Taba\u2019, un disciple d\u2019Imam Al-Jazouli, a relev\u00e9 que la comm\u00e9moration de cet \u00e9v\u00e9nement historique intervient suite \u00e0 l\u2019assouplissement des mesures pr\u00e9ventives visant \u00e0 enrayer la propagation de la pand\u00e9mie du nouveau coronavirus (Covid-19), et apr\u00e8s deux ans d\u2019absence de Moussems et de rassemblements religieux, conform\u00e9ment \u00e0 la d\u00e9cision des autorit\u00e9s comp\u00e9tentes.<\/p>\n<p>L\u2019un des moments forts de cette rencontre, a \u00e9t\u00e9 l\u2019organisation d\u2019une c\u00e9r\u00e9monie religieuse, occasion pour l\u2019assistance de proc\u00e9der \u00e0 la r\u00e9citation de versets du Saint Coran, avant d\u2019\u00e9lever des pri\u00e8res pour implorer le Tout Puissant de pr\u00e9server Sa Majest\u00e9 le Roi Mohammed VI, Amir Al Mouminine, et de combler le Souverain en la personne de SAR le prince H\u00e9ritier Moulay El Hassan, de SAR le prince Moulay Rachid et de l\u2019ensemble des membres de l\u2019illustre Famille Royale.<\/p>\n<p>L\u2019assistance a \u00e9galement \u00e9lev\u00e9 des pri\u00e8res pour le repos de l\u2019\u00e2me de Feu SM Mohammed V et de Feu SM Hassan II, priant Dieu d\u2019entourer les deux regrett\u00e9s Souverains de Sa sainte mis\u00e9ricorde et de Les accueillir dans Son vaste paradis.<\/p>\n<p>The post <a rel=\"nofollow\" href=\"http:\/\/www.mapmarrakech.ma\/fr\/la-zaouia-amgharia-celebre-le-46e-anniversaire-de-la-glorieuse-marche-verte\/\">La Zaouia Amgharia c\u00e9l\u00e8bre le 46\u00e8 anniversaire de la glorieuse Marche Verte<\/a> appeared first on <a rel=\"nofollow\" href=\"http:\/\/www.mapmarrakech.ma\/fr\">MapMarrakech<\/a>.<\/p>\n<\/div>\n<p>Auteur: Meriem IGASS<br \/>\n<a href=\"http:\/\/www.mapmarrakech.ma\/fr\/la-zaouia-amgharia-celebre-le-46e-anniversaire-de-la-glorieuse-marche-verte\/\">Cliquez ici pour lire l&rsquo;article depuis sa source.<\/a><\/p>\n","protected":false},"excerpt":{"rendered":"<p>Dans leurs interventions, des professeurs universitaires, des chercheurs et des adeptes de la zaouia, ont \u00e9t\u00e9 unanimes \u00e0 souligner que \u00ab\u00a0cet \u00e9v\u00e9nement historique majeur relate des pages lumineuses de la lutte nationale pour que le Maroc parach\u00e8ve son ind\u00e9pendance et consolide son int\u00e9grit\u00e9 territoriale\u00a0\u00bb. Ils ont \u00e9galement mis en relief l\u2019engagement solide et exemplaire de [&hellip;]<\/p>\n","protected":false},"author":1788,"featured_media":0,"comment_status":"closed","ping_status":"closed","sticky":false,"template":"","format":"standard","meta":{"fifu_image_url":"http:\/\/www.mapmarrakech.ma\/map\/uploads\/2021\/11\/tamesloht-copier.jpg","fifu_image_alt":"La Zaouia Amgharia c\u00e9l\u00e8bre le 46\u00e8 anniversaire de la glorieuse Marche Verte","footnotes":""},"categories":[54,76],"tags":[],"class_list":["post-132199","post","type-post","status-publish","format-standard","hentry","category-maroc","category-regions"],"_links":{"self":[{"href":"https:\/\/linitiative.ca\/International\/wp-json\/wp\/v2\/posts\/132199","targetHints":{"allow":["GET"]}}],"collection":[{"href":"https:\/\/linitiative.ca\/International\/wp-json\/wp\/v2\/posts"}],"about":[{"href":"https:\/\/linitiative.ca\/International\/wp-json\/wp\/v2\/types\/post"}],"author":[{"embeddable":true,"href":"https:\/\/linitiative.ca\/International\/wp-json\/wp\/v2\/users\/1788"}],"replies":[{"embeddable":true,"href":"https:\/\/linitiative.ca\/International\/wp-json\/wp\/v2\/comments?post=132199"}],"version-history":[{"count":0,"href":"https:\/\/linitiative.ca\/International\/wp-json\/wp\/v2\/posts\/132199\/revisions"}],"wp:attachment":[{"href":"https:\/\/linitiative.ca\/International\/wp-json\/wp\/v2\/media?parent=132199"}],"wp:term":[{"taxonomy":"category","embeddable":true,"href":"https:\/\/linitiative.ca\/International\/wp-json\/wp\/v2\/categories?post=132199"},{"taxonomy":"post_tag","embeddable":true,"href":"https:\/\/linitiative.ca\/International\/wp-json\/wp\/v2\/tags?post=132199"}],"curies":[{"name":"wp","href":"https:\/\/api.w.org\/{rel}","templated":true}]}}