{"id":132201,"date":"2021-11-07T12:47:05","date_gmt":"2021-11-07T17:47:05","guid":{"rendered":"https:\/\/linitiative.ca\/International\/le-discours-reaffirme-que-la-marocanite-du-sahara-nest-pas-a-negocier\/"},"modified":"2021-11-07T12:47:05","modified_gmt":"2021-11-07T17:47:05","slug":"le-discours-reaffirme-que-la-marocanite-du-sahara-nest-pas-a-negocier","status":"publish","type":"post","link":"https:\/\/linitiative.ca\/International\/le-discours-reaffirme-que-la-marocanite-du-sahara-nest-pas-a-negocier\/","title":{"rendered":"Le Discours r\u00e9affirme que la Marocanit\u00e9 du Sahara n\u2019est pas \u00e0 n\u00e9gocier"},"content":{"rendered":"<div>\n<div style=\"margin-bottom:20px;\"><img loading=\"lazy\" decoding=\"async\" width=\"750\" height=\"430\" src=\"https:\/\/linitiative.ca\/International\/wp-content\/uploads\/sites\/23\/2021\/11\/M.-Mohamed-Bentalha-Doukkali-2.jpg\" class=\"attachment-post-thumbnail size-post-thumbnail wp-post-image\" alt=\"\" srcset=\"https:\/\/linitiative.ca\/International\/wp-content\/uploads\/sites\/23\/2021\/11\/M.-Mohamed-Bentalha-Doukkali-2.jpg 750w, http:\/\/www.mapmarrakech.ma\/map\/uploads\/2021\/11\/M.-Mohamed-Bentalha-Doukkali-2-300x172.jpg 300w\" sizes=\"auto, (max-width: 750px) 100vw, 750px\"><\/div>\n<p>Dans ce discours Royal, \u00ab\u00a0le Souverain a r\u00e9it\u00e9r\u00e9 que la Marocanit\u00e9 du Sahara ne souffre d\u2019aucune contestation parce que sa l\u00e9gitimit\u00e9 est valid\u00e9e par les annales de l\u2019Histoire, le v\u0153u profond et le souhait ardent de la population sahraouie et une reconnaissance internationale d\u2019envergure\u00a0\u00bb, a relev\u00e9 l\u2019universitaire dans une d\u00e9claration \u00e0 la MAP.<\/p>\n<p>Le Souverain a \u00e9galement affirm\u00e9 que \u00ab\u00a0la Marocanit\u00e9 du Sahara ne sera jamais \u00e0 l\u2019ordre du jour d\u2019une quelconque tractation, alors que l\u2019engagement du Royaume dans les n\u00e9gociations vise essentiellement \u00e0 parvenir \u00e0 un r\u00e8glement pacifique de ce conflit r\u00e9gional artificiel\u00a0\u00bb, a relev\u00e9 M. Bentalha.<\/p>\n<p>Dans ce sens, poursuit M. Bentalha, Sa Majest\u00e9 le Roi Mohammed VI a r\u00e9it\u00e9r\u00e9 l\u2019attachement du Maroc au processus politique conduit par les Nations Unies, affirmant, toutefois, que le processus politique est destin\u00e9, in fine, \u00e0 apporter une solution d\u00e9finitive fond\u00e9e sur l\u2019Initiative d\u2019autonomie des provinces du Sud du Royaume, sous souverainet\u00e9 marocaine.<\/p>\n<p>M. Doukkali n\u2019a pas manqu\u00e9 aussi de souligner que le Discours Royal a constitu\u00e9, une occasion pour appeler les partenaires du Maroc \u00e0 formuler des positions \u00ab\u00a0plus audacieuses\u00a0\u00bb et \u00ab\u00a0plus nettes\u00a0\u00bb au sujet de l\u2019int\u00e9grit\u00e9 territoriale du Royaume, faisant savoir que de telles positions contribueront \u00e0 renforcer le processus politique en cours et \u00e0 appuyer les efforts d\u00e9ploy\u00e9s pour parvenir \u00e0 une solution d\u00e9finitive \u00e0 ce conflit artificiel.<\/p>\n<p>A travers ce Discours Royal, le Souverain a, de m\u00eame, salu\u00e9 la d\u00e9cision souveraine des Etats-Unis d\u2019Am\u00e9rique de reconna\u00eetre la souverainet\u00e9 pleine et enti\u00e8re du Maroc sur son Sahara, ainsi que la d\u00e9cision de plus de vingt-quatre pays d\u2019ouvrir des Consulats \u00e0 La\u00e2youne et \u00e0 Dakhla, a relev\u00e9 l\u2019universitaire.<\/p>\n<p>Et de conclure en rappelant que Sa Majest\u00e9 le Roi Mohammed VI a adress\u00e9 aux cinq peuples du Maghreb, Ses v\u0153ux les plus sinc\u00e8res d\u2019unit\u00e9 et de stabilit\u00e9, de progr\u00e8s et de prosp\u00e9rit\u00e9, dans le cadre du souci particulier qu\u2019attache le Souverain aux efforts visant \u00e0 renforcer et \u00e0 consolider l\u2019\u00e9difice maghr\u00e9bin.<\/p>\n<p>The post <a rel=\"nofollow\" href=\"http:\/\/www.mapmarrakech.ma\/fr\/le-discours-reaffirme-que-la-marocanite-du-sahara-nest-pas-a-negocier\/\">Le Discours r\u00e9affirme que la Marocanit\u00e9 du Sahara n\u2019est pas \u00e0 n\u00e9gocier<\/a> appeared first on <a rel=\"nofollow\" href=\"http:\/\/www.mapmarrakech.ma\/fr\">MapMarrakech<\/a>.<\/p>\n<\/div>\n<p>Auteur: Meriem IGASS<br \/>\n<a href=\"http:\/\/www.mapmarrakech.ma\/fr\/le-discours-reaffirme-que-la-marocanite-du-sahara-nest-pas-a-negocier\/\">Cliquez ici pour lire l&rsquo;article depuis sa source.<\/a><\/p>\n","protected":false},"excerpt":{"rendered":"<p>Dans ce discours Royal, \u00ab\u00a0le Souverain a r\u00e9it\u00e9r\u00e9 que la Marocanit\u00e9 du Sahara ne souffre d\u2019aucune contestation parce que sa l\u00e9gitimit\u00e9 est valid\u00e9e par les annales de l\u2019Histoire, le v\u0153u profond et le souhait ardent de la population sahraouie et une reconnaissance internationale d\u2019envergure\u00a0\u00bb, a relev\u00e9 l\u2019universitaire dans une d\u00e9claration \u00e0 la MAP. Le Souverain [&hellip;]<\/p>\n","protected":false},"author":1788,"featured_media":0,"comment_status":"closed","ping_status":"closed","sticky":false,"template":"","format":"standard","meta":{"fifu_image_url":"http:\/\/www.mapmarrakech.ma\/map\/uploads\/2021\/11\/M.-Mohamed-Bentalha-Doukkali-2.jpg","fifu_image_alt":"Le Discours r\u00e9affirme que la Marocanit\u00e9 du Sahara n\u2019est pas \u00e0 n\u00e9gocier","footnotes":""},"categories":[54,76],"tags":[],"class_list":["post-132201","post","type-post","status-publish","format-standard","hentry","category-maroc","category-regions"],"_links":{"self":[{"href":"https:\/\/linitiative.ca\/International\/wp-json\/wp\/v2\/posts\/132201","targetHints":{"allow":["GET"]}}],"collection":[{"href":"https:\/\/linitiative.ca\/International\/wp-json\/wp\/v2\/posts"}],"about":[{"href":"https:\/\/linitiative.ca\/International\/wp-json\/wp\/v2\/types\/post"}],"author":[{"embeddable":true,"href":"https:\/\/linitiative.ca\/International\/wp-json\/wp\/v2\/users\/1788"}],"replies":[{"embeddable":true,"href":"https:\/\/linitiative.ca\/International\/wp-json\/wp\/v2\/comments?post=132201"}],"version-history":[{"count":0,"href":"https:\/\/linitiative.ca\/International\/wp-json\/wp\/v2\/posts\/132201\/revisions"}],"wp:attachment":[{"href":"https:\/\/linitiative.ca\/International\/wp-json\/wp\/v2\/media?parent=132201"}],"wp:term":[{"taxonomy":"category","embeddable":true,"href":"https:\/\/linitiative.ca\/International\/wp-json\/wp\/v2\/categories?post=132201"},{"taxonomy":"post_tag","embeddable":true,"href":"https:\/\/linitiative.ca\/International\/wp-json\/wp\/v2\/tags?post=132201"}],"curies":[{"name":"wp","href":"https:\/\/api.w.org\/{rel}","templated":true}]}}