{"id":132203,"date":"2021-11-07T12:55:14","date_gmt":"2021-11-07T17:55:14","guid":{"rendered":"https:\/\/linitiative.ca\/International\/le-discours-royal-a-envoye-un-message-de-paix-aux-peuples-maghrebins\/"},"modified":"2021-11-07T12:55:14","modified_gmt":"2021-11-07T17:55:14","slug":"le-discours-royal-a-envoye-un-message-de-paix-aux-peuples-maghrebins","status":"publish","type":"post","link":"https:\/\/linitiative.ca\/International\/le-discours-royal-a-envoye-un-message-de-paix-aux-peuples-maghrebins\/","title":{"rendered":"Le discours Royal a envoy\u00e9 un message de paix aux peuples maghr\u00e9bins"},"content":{"rendered":"<div>\n<div style=\"margin-bottom:20px;\"><img loading=\"lazy\" decoding=\"async\" width=\"750\" height=\"430\" src=\"https:\/\/linitiative.ca\/International\/wp-content\/uploads\/sites\/23\/2021\/11\/Driss-lagrini-map-copier.jpg\" class=\"attachment-post-thumbnail size-post-thumbnail wp-post-image\" alt=\"\" srcset=\"https:\/\/linitiative.ca\/International\/wp-content\/uploads\/sites\/23\/2021\/11\/Driss-lagrini-map-copier.jpg 750w, http:\/\/www.mapmarrakech.ma\/map\/uploads\/2021\/11\/Driss-lagrini-map-copier-300x172.jpg 300w\" sizes=\"auto, (max-width: 750px) 100vw, 750px\"><\/div>\n<p>\u00ab\u00a0Le Discours Royal a \u00e9t\u00e9 sans \u00e9quivoque\u00a0: Le Maroc n\u2019entreprendra jamais une action de nature \u00e0 d\u00e9stabiliser la r\u00e9gion ou \u00e0 favoriser les tensions entre les peuples et les pays du Maghreb\u00a0\u00bb, a expliqu\u00e9 M. Lagrini dans une d\u00e9claration \u00e0 la MAP.<\/p>\n<p>Et de poursuivre que le Souverain a \u00e9galement envoy\u00e9 un message clair confirmant que les acquis r\u00e9alis\u00e9s au sujet de l\u2019int\u00e9grit\u00e9 territoriale du Royaume durant les derni\u00e8res ann\u00e9es notamment, la reconnaissance par les \u00c9tats-Unis d\u2019Am\u00e9rique de la souverainet\u00e9 du Maroc sur son Sahara et l\u2019ouverture de plus de 24 Consulats dans les provinces du Sud du Royaume, sont \u00ab\u00a0le fruit de la justesse de notre premi\u00e8re cause nationale et de la pertinence de l\u2019initiative marocaine d\u2019autonomie ainsi que la dynamique de la diplomatie marocaine\u00a0\u00bb.<\/p>\n<p>Dans ce contexte, M. Lagrini \u00e9galement directeur du Groupe des Etudes Internationales et d\u2019Analyse des Crises (GEIAC) \u00e0 la Facult\u00e9 de Droit de Marrakech, a indiqu\u00e9 que le Discours Royal a r\u00e9affirm\u00e9 que la Marocanit\u00e9 du Sahara est non-n\u00e9gociable.<\/p>\n<p>Il a, de m\u00eame, mis l\u2019accent sur l\u2019engagement et la volont\u00e9 du Maroc de faire pr\u00e9valoir le choix pacifique, celui des n\u00e9gociations, en partant de la seule initiative d\u2019autonomie des provinces du Sud sous souverainet\u00e9 du Royaume, laquelle jouit d\u2019une grande cr\u00e9dibilit\u00e9 de la part de la communaut\u00e9 internationale, et de la majorit\u00e9 des grandes puissances.<\/p>\n<p>Et M. Lagrini de relever que \u00ab\u00a0le Discours Royal r\u00e9it\u00e8re le refus du Maroc des partenariats s\u00e9lectifs qui n\u2019int\u00e8grent pas les provinces du Sud et qui ne prennent pas en compte les mutations survenues dans le Royaume\u00a0\u00bb, soulignant que SM le Roi Mohammed VI a clairement confirm\u00e9 que le Maroc a \u00e9t\u00e9 toujours en faveur des partenariats \u00e9quilibr\u00e9s, qui respectent sa souverainet\u00e9 et son int\u00e9grit\u00e9 territoriale.<\/p>\n<p>Le Discours Royal a, en outre, insist\u00e9 sur la centralit\u00e9 de la question de l\u2019int\u00e9grit\u00e9 territoriale pour l\u2019ensemble des Marocains, ce qui exige davantage de mobilisation en faveur de cette cause juste et ce, en tenant compte du r\u00f4le jou\u00e9 par la diplomatie parall\u00e8le (partis, monde acad\u00e9mique, \u00ab\u00a0diplomatie num\u00e9rique\u00a0\u00bb, collectivit\u00e9s territoriales, soci\u00e9t\u00e9 civile, acteurs \u00e9conomiques, ainsi que les m\u00e9dias) aux c\u00f4t\u00e9s de la diplomatie officielle, a estim\u00e9 M. Lagrini.<\/p>\n<p>Dans ce cadre, l\u2019universitaire, a fait remarquer que le Souverain a tenu \u00e0 rappeler que le Maroc fait du d\u00e9veloppement de ses provinces du Sud \u00ab\u00a0un choix fondamental\u00a0\u00bb pour gagner le pari de l\u2019int\u00e9grit\u00e9 territoriale et ce, \u00e0 travers l\u2019int\u00e9gration de cette partie du territoire national dans la dynamique socio\u00e9conomique que connait le Maroc dans sa globalit\u00e9.<\/p>\n<p>Il s\u2019agit \u00e9galement de renforcer les infrastructures, d\u2019attirer les investissements et de consolider le choix de la r\u00e9gionalisation avanc\u00e9e en tant que d\u00e9marche de nature \u00e0 renforcer toutes ces initiatives socio\u00e9conomiques, a-t-il dit en guise de conclusion.<\/p>\n<p>The post <a rel=\"nofollow\" href=\"http:\/\/www.mapmarrakech.ma\/fr\/le-discours-royal-a-envoye-un-message-de-paix-aux-peuples-maghrebins\/\">Le discours Royal a envoy\u00e9 un message de paix aux peuples maghr\u00e9bins<\/a> appeared first on <a rel=\"nofollow\" href=\"http:\/\/www.mapmarrakech.ma\/fr\">MapMarrakech<\/a>.<\/p>\n<\/div>\n<p>Auteur: Meriem IGASS<br \/>\n<a href=\"http:\/\/www.mapmarrakech.ma\/fr\/le-discours-royal-a-envoye-un-message-de-paix-aux-peuples-maghrebins\/\">Cliquez ici pour lire l&rsquo;article depuis sa source.<\/a><\/p>\n","protected":false},"excerpt":{"rendered":"<p>\u00ab\u00a0Le Discours Royal a \u00e9t\u00e9 sans \u00e9quivoque\u00a0: Le Maroc n\u2019entreprendra jamais une action de nature \u00e0 d\u00e9stabiliser la r\u00e9gion ou \u00e0 favoriser les tensions entre les peuples et les pays du Maghreb\u00a0\u00bb, a expliqu\u00e9 M. Lagrini dans une d\u00e9claration \u00e0 la MAP. Et de poursuivre que le Souverain a \u00e9galement envoy\u00e9 un message clair confirmant [&hellip;]<\/p>\n","protected":false},"author":1788,"featured_media":0,"comment_status":"closed","ping_status":"closed","sticky":false,"template":"","format":"standard","meta":{"fifu_image_url":"http:\/\/www.mapmarrakech.ma\/map\/uploads\/2021\/11\/Driss-lagrini-map-copier.jpg","fifu_image_alt":"Le discours Royal a envoy\u00e9 un message de paix aux peuples maghr\u00e9bins","footnotes":""},"categories":[54,76],"tags":[],"class_list":["post-132203","post","type-post","status-publish","format-standard","hentry","category-maroc","category-regions"],"_links":{"self":[{"href":"https:\/\/linitiative.ca\/International\/wp-json\/wp\/v2\/posts\/132203","targetHints":{"allow":["GET"]}}],"collection":[{"href":"https:\/\/linitiative.ca\/International\/wp-json\/wp\/v2\/posts"}],"about":[{"href":"https:\/\/linitiative.ca\/International\/wp-json\/wp\/v2\/types\/post"}],"author":[{"embeddable":true,"href":"https:\/\/linitiative.ca\/International\/wp-json\/wp\/v2\/users\/1788"}],"replies":[{"embeddable":true,"href":"https:\/\/linitiative.ca\/International\/wp-json\/wp\/v2\/comments?post=132203"}],"version-history":[{"count":0,"href":"https:\/\/linitiative.ca\/International\/wp-json\/wp\/v2\/posts\/132203\/revisions"}],"wp:attachment":[{"href":"https:\/\/linitiative.ca\/International\/wp-json\/wp\/v2\/media?parent=132203"}],"wp:term":[{"taxonomy":"category","embeddable":true,"href":"https:\/\/linitiative.ca\/International\/wp-json\/wp\/v2\/categories?post=132203"},{"taxonomy":"post_tag","embeddable":true,"href":"https:\/\/linitiative.ca\/International\/wp-json\/wp\/v2\/tags?post=132203"}],"curies":[{"name":"wp","href":"https:\/\/api.w.org\/{rel}","templated":true}]}}