{"id":132207,"date":"2021-11-07T05:21:51","date_gmt":"2021-11-07T10:21:51","guid":{"rendered":"https:\/\/linitiative.ca\/International\/carthage-le-long-metrage-haut-et-fort-de-nabil-ayouch-prime\/"},"modified":"2021-11-07T05:21:51","modified_gmt":"2021-11-07T10:21:51","slug":"carthage-le-long-metrage-haut-et-fort-de-nabil-ayouch-prime","status":"publish","type":"post","link":"https:\/\/linitiative.ca\/International\/carthage-le-long-metrage-haut-et-fort-de-nabil-ayouch-prime\/","title":{"rendered":"Carthage: Le long-m\u00e9trage \u00ab\u00a0Haut et fort\u00a0\u00bb de Nabil Ayouch prim\u00e9"},"content":{"rendered":"<div>\n<div class=\"field field-name-body field-type-text-with-summary field-label-hidden\">\n<div class=\"field-items\">\n<div class=\"field-item even\" property=\"content:encoded\">\n<p class=\"rtejustify\">Nabil Ayouch a encore \u00e9t\u00e9 prim\u00e9 pour son long-m\u00e9trage \u00ab\u00a0Haut et fort\u00a0\u00bb. Le film du r\u00e9alisateur a remport\u00e9 le Prix de la meilleure musique lors de la comp\u00e9tition officielle des 32es Journ\u00e9es cin\u00e9matographiques de Carthage (JCC), initi\u00e9es du 30 octobre au 6 novembre.\u00a0<\/p>\n<\/div>\n<\/div>\n<\/div>\n<\/div>\n<p>Auteur: hgueye<br \/>\n<a href=\"https:\/\/www.leconomiste.com\/flash-infos\/carthage-le-long-metrage-haut-et-fort-de-nabil-ayouch-prime\">Cliquez ici pour lire l&rsquo;article depuis sa source.<\/a><\/p>\n","protected":false},"excerpt":{"rendered":"<p>Nabil Ayouch a encore \u00e9t\u00e9 prim\u00e9 pour son long-m\u00e9trage \u00ab\u00a0Haut et fort\u00a0\u00bb. Le film du r\u00e9alisateur a remport\u00e9 le Prix de la meilleure musique lors de la comp\u00e9tition officielle des 32es Journ\u00e9es cin\u00e9matographiques de Carthage (JCC), initi\u00e9es du 30 octobre au 6 novembre.\u00a0 Auteur: hgueye Cliquez ici pour lire l&rsquo;article depuis sa source.<\/p>\n","protected":false},"author":1763,"featured_media":0,"comment_status":"closed","ping_status":"closed","sticky":false,"template":"","format":"standard","meta":{"fifu_image_url":"","fifu_image_alt":"","footnotes":""},"categories":[78,54],"tags":[],"class_list":["post-132207","post","type-post","status-publish","format-standard","hentry","category-economie","category-maroc"],"_links":{"self":[{"href":"https:\/\/linitiative.ca\/International\/wp-json\/wp\/v2\/posts\/132207","targetHints":{"allow":["GET"]}}],"collection":[{"href":"https:\/\/linitiative.ca\/International\/wp-json\/wp\/v2\/posts"}],"about":[{"href":"https:\/\/linitiative.ca\/International\/wp-json\/wp\/v2\/types\/post"}],"author":[{"embeddable":true,"href":"https:\/\/linitiative.ca\/International\/wp-json\/wp\/v2\/users\/1763"}],"replies":[{"embeddable":true,"href":"https:\/\/linitiative.ca\/International\/wp-json\/wp\/v2\/comments?post=132207"}],"version-history":[{"count":0,"href":"https:\/\/linitiative.ca\/International\/wp-json\/wp\/v2\/posts\/132207\/revisions"}],"wp:attachment":[{"href":"https:\/\/linitiative.ca\/International\/wp-json\/wp\/v2\/media?parent=132207"}],"wp:term":[{"taxonomy":"category","embeddable":true,"href":"https:\/\/linitiative.ca\/International\/wp-json\/wp\/v2\/categories?post=132207"},{"taxonomy":"post_tag","embeddable":true,"href":"https:\/\/linitiative.ca\/International\/wp-json\/wp\/v2\/tags?post=132207"}],"curies":[{"name":"wp","href":"https:\/\/api.w.org\/{rel}","templated":true}]}}