{"id":132208,"date":"2021-11-07T05:34:11","date_gmt":"2021-11-07T10:34:11","guid":{"rendered":"https:\/\/linitiative.ca\/International\/foot-laayoune-abritera-le-plus-grand-centre-de-formation-du-sud\/"},"modified":"2021-11-07T05:34:11","modified_gmt":"2021-11-07T10:34:11","slug":"foot-laayoune-abritera-le-plus-grand-centre-de-formation-du-sud","status":"publish","type":"post","link":"https:\/\/linitiative.ca\/International\/foot-laayoune-abritera-le-plus-grand-centre-de-formation-du-sud\/","title":{"rendered":"Foot: La\u00e2youne abritera le plus grand centre de formation du Sud"},"content":{"rendered":"<div>\n<div class=\"field field-name-body field-type-text-with-summary field-label-hidden\">\n<div class=\"field-items\">\n<div class=\"field-item even\" property=\"content:encoded\">\n<p class=\"rtejustify\">La\u00e2youne disposera d&rsquo;un grand centre de formation en football. Les travaux de construction de cette infrastructure ont \u00e9t\u00e9 lanc\u00e9s vendredi dernier en marge de la c\u00e9l\u00e9bration du 46e anniversaire de la Marche Verte. Ce centre, dont l&rsquo;investissement atteint 100 millions de DH, sera la plus grande infrastructure de formation en football des provinces du Sud. Elle\u00a0sera \u00e9difi\u00e9e sur une superficie de 10 hectares, dont 6730 m2 couverts, et disposera d\u2019une capacit\u00e9 d\u2019accueil de 120 places.<\/p>\n<\/div>\n<\/div>\n<\/div>\n<\/div>\n<p>Auteur: hgueye<br \/>\n<a href=\"https:\/\/www.leconomiste.com\/flash-infos\/foot-laayoune-abritera-le-plus-grand-centre-de-formation-du-sud\">Cliquez ici pour lire l&rsquo;article depuis sa source.<\/a><\/p>\n","protected":false},"excerpt":{"rendered":"<p>La\u00e2youne disposera d&rsquo;un grand centre de formation en football. Les travaux de construction de cette infrastructure ont \u00e9t\u00e9 lanc\u00e9s vendredi dernier en marge de la c\u00e9l\u00e9bration du 46e anniversaire de la Marche Verte. Ce centre, dont l&rsquo;investissement atteint 100 millions de DH, sera la plus grande infrastructure de formation en football des provinces du Sud. [&hellip;]<\/p>\n","protected":false},"author":1763,"featured_media":0,"comment_status":"closed","ping_status":"closed","sticky":false,"template":"","format":"standard","meta":{"fifu_image_url":"","fifu_image_alt":"","footnotes":""},"categories":[78,54],"tags":[],"class_list":["post-132208","post","type-post","status-publish","format-standard","hentry","category-economie","category-maroc"],"_links":{"self":[{"href":"https:\/\/linitiative.ca\/International\/wp-json\/wp\/v2\/posts\/132208","targetHints":{"allow":["GET"]}}],"collection":[{"href":"https:\/\/linitiative.ca\/International\/wp-json\/wp\/v2\/posts"}],"about":[{"href":"https:\/\/linitiative.ca\/International\/wp-json\/wp\/v2\/types\/post"}],"author":[{"embeddable":true,"href":"https:\/\/linitiative.ca\/International\/wp-json\/wp\/v2\/users\/1763"}],"replies":[{"embeddable":true,"href":"https:\/\/linitiative.ca\/International\/wp-json\/wp\/v2\/comments?post=132208"}],"version-history":[{"count":0,"href":"https:\/\/linitiative.ca\/International\/wp-json\/wp\/v2\/posts\/132208\/revisions"}],"wp:attachment":[{"href":"https:\/\/linitiative.ca\/International\/wp-json\/wp\/v2\/media?parent=132208"}],"wp:term":[{"taxonomy":"category","embeddable":true,"href":"https:\/\/linitiative.ca\/International\/wp-json\/wp\/v2\/categories?post=132208"},{"taxonomy":"post_tag","embeddable":true,"href":"https:\/\/linitiative.ca\/International\/wp-json\/wp\/v2\/tags?post=132208"}],"curies":[{"name":"wp","href":"https:\/\/api.w.org\/{rel}","templated":true}]}}