{"id":132225,"date":"2021-11-07T12:10:00","date_gmt":"2021-11-07T17:10:00","guid":{"rendered":"https:\/\/linitiative.ca\/International\/dr-mohamed-salah-ben-ammar-maghrebin-je-suis\/"},"modified":"2021-11-07T12:10:00","modified_gmt":"2021-11-07T17:10:00","slug":"dr-mohamed-salah-ben-ammar-maghrebin-je-suis","status":"publish","type":"post","link":"https:\/\/linitiative.ca\/International\/dr-mohamed-salah-ben-ammar-maghrebin-je-suis\/","title":{"rendered":"Dr Mohamed Salah Ben Ammar: Maghr\u00e9bin, je suis !"},"content":{"rendered":"<div><img decoding=\"async\" src=\"https:\/\/linitiative.ca\/International\/wp-content\/uploads\/sites\/23\/2021\/11\/1636302110_article.jpg\" alt=\"Dr Mohamed Salah Ben Ammar: Maghr\u00e9bin, je suis ! \" align=\"left\">\u00abYou may say I&rsquo;m a dreamer, But I&rsquo;m not the only one\u00bb<br \/>\nAdolescent souvent il m\u2019arrivait de m\u2019installer devant la carte de la m\u00e9diterran\u00e9e et de r\u00eaver d\u2019un grand Maghreb. Je ne savais pas \u00e0 cet \u00e2ge que je n\u2019\u00e9tais pas le seul \u00e0 le faire !<br \/>\nD\u00e9j\u00e0 en 1958, excusez du peu, les repr\u00e9sentants du n\u00e9o-Destour Bahi Ladgham, Ahmed Tlili, Abdelmajid Chaker, du FLN Ferhat Abbas, Abdelhafid Boussouf, Abdelhamid Mehri, et de l\u2019Istiqlal Allal El Fassi, Ahmed Balafrej, Abderrahim Bouabid et Mehdi Ben Barka, lan\u00e7aient \u00e0 l\u2019issue d\u2019une conf\u00e9rence organis\u00e9e \u00e0 Tanger fin avril de la m\u00eame ann\u00e9e cet appel \u00ab Nous, les repr\u00e9sentants des mouvements de lib\u00e9ration nationale de &#8230;<\/p>\n<\/div>\n<p>Auteur:<br \/>\n<a href=\"https:\/\/www.leaders.com.tn\/article\/32626-dr-mohamed-salah-ben-ammar-maghrebin-je-suis\">Cliquez ici pour lire l&rsquo;article depuis sa source.<\/a><\/p>\n","protected":false},"excerpt":{"rendered":"<p>\u00abYou may say I&rsquo;m a dreamer, But I&rsquo;m not the only one\u00bb Adolescent souvent il m\u2019arrivait de m\u2019installer devant la carte de la m\u00e9diterran\u00e9e et de r\u00eaver d\u2019un grand Maghreb. Je ne savais pas \u00e0 cet \u00e2ge que je n\u2019\u00e9tais pas le seul \u00e0 le faire ! D\u00e9j\u00e0 en 1958, excusez du peu, les repr\u00e9sentants [&hellip;]<\/p>\n","protected":false},"author":1772,"featured_media":0,"comment_status":"closed","ping_status":"closed","sticky":false,"template":"","format":"standard","meta":{"fifu_image_url":"http:\/\/www.leaders.com.tn\/uploads\/content\/thumbnails_small\/1636302110_article.jpg","fifu_image_alt":"Dr Mohamed Salah Ben Ammar: Maghr\u00e9bin, je suis !","footnotes":""},"categories":[73,55],"tags":[],"class_list":["post-132225","post","type-post","status-publish","format-standard","hentry","category-actualite","category-tunisie"],"_links":{"self":[{"href":"https:\/\/linitiative.ca\/International\/wp-json\/wp\/v2\/posts\/132225","targetHints":{"allow":["GET"]}}],"collection":[{"href":"https:\/\/linitiative.ca\/International\/wp-json\/wp\/v2\/posts"}],"about":[{"href":"https:\/\/linitiative.ca\/International\/wp-json\/wp\/v2\/types\/post"}],"author":[{"embeddable":true,"href":"https:\/\/linitiative.ca\/International\/wp-json\/wp\/v2\/users\/1772"}],"replies":[{"embeddable":true,"href":"https:\/\/linitiative.ca\/International\/wp-json\/wp\/v2\/comments?post=132225"}],"version-history":[{"count":0,"href":"https:\/\/linitiative.ca\/International\/wp-json\/wp\/v2\/posts\/132225\/revisions"}],"wp:attachment":[{"href":"https:\/\/linitiative.ca\/International\/wp-json\/wp\/v2\/media?parent=132225"}],"wp:term":[{"taxonomy":"category","embeddable":true,"href":"https:\/\/linitiative.ca\/International\/wp-json\/wp\/v2\/categories?post=132225"},{"taxonomy":"post_tag","embeddable":true,"href":"https:\/\/linitiative.ca\/International\/wp-json\/wp\/v2\/tags?post=132225"}],"curies":[{"name":"wp","href":"https:\/\/api.w.org\/{rel}","templated":true}]}}