{"id":132228,"date":"2021-11-07T05:00:00","date_gmt":"2021-11-07T10:00:00","guid":{"rendered":"https:\/\/linitiative.ca\/International\/le-cnt-exige-la-liberation-de-son-vice-president-issa-kaou-ndjim\/"},"modified":"2021-11-07T05:00:00","modified_gmt":"2021-11-07T10:00:00","slug":"le-cnt-exige-la-liberation-de-son-vice-president-issa-kaou-ndjim","status":"publish","type":"post","link":"https:\/\/linitiative.ca\/International\/le-cnt-exige-la-liberation-de-son-vice-president-issa-kaou-ndjim\/","title":{"rendered":"Le CNT exige la lib\u00e9ration  de son vice-pr\u00e9sident Issa Kaou N\u2019Djim"},"content":{"rendered":"<div>Le Conseil national de transition (CNT) au Mali a vot\u00e9 la lib\u00e9ration d\u2019Issa Kaou N\u2019Djim, le quatri\u00e8me vice-pr\u00e9sident du CNT qui a \u00e9t\u00e9 jug\u00e9 vendredi dernier pour \u00abtroubles \u00e0 l\u2019ordre public\u00bb apr\u00e8s des propos critiques contre<\/div>\n<p>Auteur:<br \/>\n<a href=\"https:\/\/www.lesoirdalgerie.com\/monde\/le-cnt-exige-la-liberation-de-son-vice-president-issa-kaou-ndjim-70147\">Cliquez ici pour lire l&rsquo;article depuis sa source.<\/a><\/p>\n","protected":false},"excerpt":{"rendered":"<p>Le Conseil national de transition (CNT) au Mali a vot\u00e9 la lib\u00e9ration d\u2019Issa Kaou N\u2019Djim, le quatri\u00e8me vice-pr\u00e9sident du CNT qui a \u00e9t\u00e9 jug\u00e9 vendredi dernier pour \u00abtroubles \u00e0 l\u2019ordre public\u00bb apr\u00e8s des propos critiques contre Auteur: Cliquez ici pour lire l&rsquo;article depuis sa source.<\/p>\n","protected":false},"author":1741,"featured_media":0,"comment_status":"closed","ping_status":"closed","sticky":false,"template":"","format":"standard","meta":{"fifu_image_url":"","fifu_image_alt":"","footnotes":""},"categories":[73,53],"tags":[],"class_list":["post-132228","post","type-post","status-publish","format-standard","hentry","category-actualite","category-algerie"],"_links":{"self":[{"href":"https:\/\/linitiative.ca\/International\/wp-json\/wp\/v2\/posts\/132228","targetHints":{"allow":["GET"]}}],"collection":[{"href":"https:\/\/linitiative.ca\/International\/wp-json\/wp\/v2\/posts"}],"about":[{"href":"https:\/\/linitiative.ca\/International\/wp-json\/wp\/v2\/types\/post"}],"author":[{"embeddable":true,"href":"https:\/\/linitiative.ca\/International\/wp-json\/wp\/v2\/users\/1741"}],"replies":[{"embeddable":true,"href":"https:\/\/linitiative.ca\/International\/wp-json\/wp\/v2\/comments?post=132228"}],"version-history":[{"count":0,"href":"https:\/\/linitiative.ca\/International\/wp-json\/wp\/v2\/posts\/132228\/revisions"}],"wp:attachment":[{"href":"https:\/\/linitiative.ca\/International\/wp-json\/wp\/v2\/media?parent=132228"}],"wp:term":[{"taxonomy":"category","embeddable":true,"href":"https:\/\/linitiative.ca\/International\/wp-json\/wp\/v2\/categories?post=132228"},{"taxonomy":"post_tag","embeddable":true,"href":"https:\/\/linitiative.ca\/International\/wp-json\/wp\/v2\/tags?post=132228"}],"curies":[{"name":"wp","href":"https:\/\/api.w.org\/{rel}","templated":true}]}}