{"id":132232,"date":"2021-11-07T04:41:12","date_gmt":"2021-11-07T09:41:12","guid":{"rendered":"https:\/\/linitiative.ca\/International\/marche-verte-ce-quil-faut-retenir-du-discours-royal\/"},"modified":"2021-11-07T04:41:12","modified_gmt":"2021-11-07T09:41:12","slug":"marche-verte-ce-quil-faut-retenir-du-discours-royal","status":"publish","type":"post","link":"https:\/\/linitiative.ca\/International\/marche-verte-ce-quil-faut-retenir-du-discours-royal\/","title":{"rendered":"Marche Verte. Ce qu\u2019il faut retenir du discours royal"},"content":{"rendered":"<div><img decoding=\"async\" width=\"700\" height=\"394\" src=\"https:\/\/linitiative.ca\/International\/wp-content\/uploads\/sites\/23\/2021\/11\/ROI.jpeg\" class=\"attachment-post-thumbnail size-post-thumbnail wp-post-image\" alt=\"\" loading=\"lazy\" srcset=\"https:\/\/linitiative.ca\/International\/wp-content\/uploads\/sites\/23\/2021\/11\/ROI.jpeg 700w, https:\/\/www.challenge.ma\/wp-content\/uploads\/2021\/11\/ROI-300x169.jpeg 300w, https:\/\/www.challenge.ma\/wp-content\/uploads\/2021\/11\/ROI-360x203.jpeg 360w\" sizes=\"auto, (max-width: 700px) 100vw, 700px\" itemprop=\"image\">Dans un contexte g\u00e9opolitique tr\u00e8s particulier, le discours de SM le Roi Mohammed VI \u00e9tait tr\u00e8s attendu. Le Maroc n\u2019engagera aucune d\u00e9marche d\u2019ordre \u00e9conomique ou commercial qui exclurait le Sahara marocain, a d\u00e9clar\u00e9, entre autres points marquants, le Souverain \u00e0 l\u2019adresse de ceux qui affichent des positions floues ou ambivalentes<\/div>\n<p>Auteur: challenge<br \/>\n<a href=\"https:\/\/www.challenge.ma\/marche-verte-ce-quil-faut-retenir-du-discours-royal-225490\/\">Cliquez ici pour lire l&rsquo;article depuis sa source.<\/a><\/p>\n","protected":false},"excerpt":{"rendered":"<p>Dans un contexte g\u00e9opolitique tr\u00e8s particulier, le discours de SM le Roi Mohammed VI \u00e9tait tr\u00e8s attendu. Le Maroc n\u2019engagera aucune d\u00e9marche d\u2019ordre \u00e9conomique ou commercial qui exclurait le Sahara marocain, a d\u00e9clar\u00e9, entre autres points marquants, le Souverain \u00e0 l\u2019adresse de ceux qui affichent des positions floues ou ambivalentes Auteur: challenge Cliquez ici pour [&hellip;]<\/p>\n","protected":false},"author":1787,"featured_media":0,"comment_status":"closed","ping_status":"closed","sticky":false,"template":"","format":"standard","meta":{"fifu_image_url":"https:\/\/www.challenge.ma\/wp-content\/uploads\/2021\/11\/ROI.jpeg","fifu_image_alt":"Marche Verte. Ce qu\u2019il faut retenir du discours royal","footnotes":""},"categories":[78,54],"tags":[],"class_list":["post-132232","post","type-post","status-publish","format-standard","hentry","category-economie","category-maroc"],"_links":{"self":[{"href":"https:\/\/linitiative.ca\/International\/wp-json\/wp\/v2\/posts\/132232","targetHints":{"allow":["GET"]}}],"collection":[{"href":"https:\/\/linitiative.ca\/International\/wp-json\/wp\/v2\/posts"}],"about":[{"href":"https:\/\/linitiative.ca\/International\/wp-json\/wp\/v2\/types\/post"}],"author":[{"embeddable":true,"href":"https:\/\/linitiative.ca\/International\/wp-json\/wp\/v2\/users\/1787"}],"replies":[{"embeddable":true,"href":"https:\/\/linitiative.ca\/International\/wp-json\/wp\/v2\/comments?post=132232"}],"version-history":[{"count":0,"href":"https:\/\/linitiative.ca\/International\/wp-json\/wp\/v2\/posts\/132232\/revisions"}],"wp:attachment":[{"href":"https:\/\/linitiative.ca\/International\/wp-json\/wp\/v2\/media?parent=132232"}],"wp:term":[{"taxonomy":"category","embeddable":true,"href":"https:\/\/linitiative.ca\/International\/wp-json\/wp\/v2\/categories?post=132232"},{"taxonomy":"post_tag","embeddable":true,"href":"https:\/\/linitiative.ca\/International\/wp-json\/wp\/v2\/tags?post=132232"}],"curies":[{"name":"wp","href":"https:\/\/api.w.org\/{rel}","templated":true}]}}