{"id":132234,"date":"2021-11-07T05:39:09","date_gmt":"2021-11-07T10:39:09","guid":{"rendered":"https:\/\/linitiative.ca\/International\/espagne-un-avion-marocain-atterrit-durgence-a-majorque-20-passagers-senfuient-video\/"},"modified":"2021-11-07T05:39:09","modified_gmt":"2021-11-07T10:39:09","slug":"espagne-un-avion-marocain-atterrit-durgence-a-majorque-20-passagers-senfuient-video","status":"publish","type":"post","link":"https:\/\/linitiative.ca\/International\/espagne-un-avion-marocain-atterrit-durgence-a-majorque-20-passagers-senfuient-video\/","title":{"rendered":"Espagne. Un avion marocain atterrit d\u2019urgence \u00e0 Majorque, 20 passagers s\u2019enfuient [Vid\u00e9o]"},"content":{"rendered":"<div><img decoding=\"async\" width=\"976\" height=\"549\" src=\"https:\/\/linitiative.ca\/International\/wp-content\/uploads\/sites\/23\/2021\/11\/ARABIA.jpg\" class=\"attachment-post-thumbnail size-post-thumbnail wp-post-image\" alt=\"\" loading=\"lazy\" srcset=\"https:\/\/linitiative.ca\/International\/wp-content\/uploads\/sites\/23\/2021\/11\/ARABIA.jpg 976w, https:\/\/www.challenge.ma\/wp-content\/uploads\/2021\/11\/ARABIA-300x169.jpg 300w, https:\/\/www.challenge.ma\/wp-content\/uploads\/2021\/11\/ARABIA-768x432.jpg 768w, https:\/\/www.challenge.ma\/wp-content\/uploads\/2021\/11\/ARABIA-360x203.jpg 360w, https:\/\/www.challenge.ma\/wp-content\/uploads\/2021\/11\/ARABIA-750x422.jpg 750w\" sizes=\"auto, (max-width: 976px) 100vw, 976px\" itemprop=\"image\">Tout \u00e9tait un coup mont\u00e9 pour entrer ill\u00e9galement sur le territoire espagnol. C\u2019est en tout cas ce que pensent les autorit\u00e9s \u00e0 propos de l\u2019incident rocambolesque survenu vendredi soir 5 novembre \u00e0 l\u2019a\u00e9roport de Palma de Majorque, aux \u00eeles Bal\u00e9ares. Selon ces derni\u00e8res, un passager ayant simul\u00e9 un malaise pour<\/div>\n<p>Auteur: challenge<br \/>\n<a href=\"https:\/\/www.challenge.ma\/espagne-un-avion-marocain-atterrit-durgence-20-passagers-senfuient-11-sont-interpelles-les-autorites-espagnoles-envisagent-un-coup-monte-video-225495\/\">Cliquez ici pour lire l&rsquo;article depuis sa source.<\/a><\/p>\n","protected":false},"excerpt":{"rendered":"<p>Tout \u00e9tait un coup mont\u00e9 pour entrer ill\u00e9galement sur le territoire espagnol. C\u2019est en tout cas ce que pensent les autorit\u00e9s \u00e0 propos de l\u2019incident rocambolesque survenu vendredi soir 5 novembre \u00e0 l\u2019a\u00e9roport de Palma de Majorque, aux \u00eeles Bal\u00e9ares. Selon ces derni\u00e8res, un passager ayant simul\u00e9 un malaise pour Auteur: challenge Cliquez ici pour [&hellip;]<\/p>\n","protected":false},"author":1787,"featured_media":0,"comment_status":"closed","ping_status":"closed","sticky":false,"template":"","format":"standard","meta":{"fifu_image_url":"https:\/\/www.challenge.ma\/wp-content\/uploads\/2021\/11\/ARABIA.jpg","fifu_image_alt":"Espagne. Un avion marocain atterrit d\u2019urgence \u00e0 Majorque, 20 passagers s\u2019enfuient [Vid\u00e9o]","footnotes":""},"categories":[78,54],"tags":[],"class_list":["post-132234","post","type-post","status-publish","format-standard","hentry","category-economie","category-maroc"],"_links":{"self":[{"href":"https:\/\/linitiative.ca\/International\/wp-json\/wp\/v2\/posts\/132234","targetHints":{"allow":["GET"]}}],"collection":[{"href":"https:\/\/linitiative.ca\/International\/wp-json\/wp\/v2\/posts"}],"about":[{"href":"https:\/\/linitiative.ca\/International\/wp-json\/wp\/v2\/types\/post"}],"author":[{"embeddable":true,"href":"https:\/\/linitiative.ca\/International\/wp-json\/wp\/v2\/users\/1787"}],"replies":[{"embeddable":true,"href":"https:\/\/linitiative.ca\/International\/wp-json\/wp\/v2\/comments?post=132234"}],"version-history":[{"count":0,"href":"https:\/\/linitiative.ca\/International\/wp-json\/wp\/v2\/posts\/132234\/revisions"}],"wp:attachment":[{"href":"https:\/\/linitiative.ca\/International\/wp-json\/wp\/v2\/media?parent=132234"}],"wp:term":[{"taxonomy":"category","embeddable":true,"href":"https:\/\/linitiative.ca\/International\/wp-json\/wp\/v2\/categories?post=132234"},{"taxonomy":"post_tag","embeddable":true,"href":"https:\/\/linitiative.ca\/International\/wp-json\/wp\/v2\/tags?post=132234"}],"curies":[{"name":"wp","href":"https:\/\/api.w.org\/{rel}","templated":true}]}}