{"id":132240,"date":"2021-11-07T16:27:00","date_gmt":"2021-11-07T21:27:00","guid":{"rendered":"https:\/\/linitiative.ca\/International\/tunisie-saied-devant-limpossible-exercice-de-funambule-entre-les-desirs-du-peuple-et-ceux-du-fmi\/"},"modified":"2021-11-07T16:27:00","modified_gmt":"2021-11-07T21:27:00","slug":"tunisie-saied-devant-limpossible-exercice-de-funambule-entre-les-desirs-du-peuple-et-ceux-du-fmi","status":"publish","type":"post","link":"https:\/\/linitiative.ca\/International\/tunisie-saied-devant-limpossible-exercice-de-funambule-entre-les-desirs-du-peuple-et-ceux-du-fmi\/","title":{"rendered":"Tunisie \u2013 Sa\u00efed devant l\u2019impossible exercice de funambule entre les d\u00e9sirs du peuple et ceux du FMI\u00a0!"},"content":{"rendered":"<div>\n<p>Suite \u00e0 la derni\u00e8re r\u00e9union d\u2019entame de n\u00e9gociations entre le gouvernement tunisien et le FMI, et suite \u00e0 la proposition par Najla Bouden du bouquet de r\u00e9formes qu\u2019elle compte engager \u00e0 partir de la loi de finances de 2022, pour satisfaire les attentes du FMI, il devient \u00e9vident que le pr\u00e9sident de la R\u00e9publique va [\u2026]<\/p>\n<p>L\u2019article <a href=\"https:\/\/www.tunisienumerique.com\/tunisie-saied-devant-limpossible-exercice-de-funambule-entre-les-desirs-du-peuple-et-ceux-du-fmi\/\">Tunisie \u2013 Sa\u00efed devant l\u2019impossible exercice de funambule entre les d\u00e9sirs du peuple et ceux du FMI\u00a0!<\/a> est apparu en premier sur <a href=\"https:\/\/www.tunisienumerique.com\/\">Tunisie<\/a>.<\/p>\n<\/div>\n<p>Auteur: Ramsis<br \/>\n<a href=\"https:\/\/www.tunisienumerique.com\/tunisie-saied-devant-limpossible-exercice-de-funambule-entre-les-desirs-du-peuple-et-ceux-du-fmi\/\">Cliquez ici pour lire l&rsquo;article depuis sa source.<\/a><\/p>\n","protected":false},"excerpt":{"rendered":"<p>Suite \u00e0 la derni\u00e8re r\u00e9union d\u2019entame de n\u00e9gociations entre le gouvernement tunisien et le FMI, et suite \u00e0 la proposition par Najla Bouden du bouquet de r\u00e9formes qu\u2019elle compte engager \u00e0 partir de la loi de finances de 2022, pour satisfaire les attentes du FMI, il devient \u00e9vident que le pr\u00e9sident de la R\u00e9publique va [&hellip;]<\/p>\n","protected":false},"author":1789,"featured_media":0,"comment_status":"closed","ping_status":"closed","sticky":false,"template":"","format":"standard","meta":{"fifu_image_url":"","fifu_image_alt":"","footnotes":""},"categories":[73,55],"tags":[],"class_list":["post-132240","post","type-post","status-publish","format-standard","hentry","category-actualite","category-tunisie"],"_links":{"self":[{"href":"https:\/\/linitiative.ca\/International\/wp-json\/wp\/v2\/posts\/132240","targetHints":{"allow":["GET"]}}],"collection":[{"href":"https:\/\/linitiative.ca\/International\/wp-json\/wp\/v2\/posts"}],"about":[{"href":"https:\/\/linitiative.ca\/International\/wp-json\/wp\/v2\/types\/post"}],"author":[{"embeddable":true,"href":"https:\/\/linitiative.ca\/International\/wp-json\/wp\/v2\/users\/1789"}],"replies":[{"embeddable":true,"href":"https:\/\/linitiative.ca\/International\/wp-json\/wp\/v2\/comments?post=132240"}],"version-history":[{"count":0,"href":"https:\/\/linitiative.ca\/International\/wp-json\/wp\/v2\/posts\/132240\/revisions"}],"wp:attachment":[{"href":"https:\/\/linitiative.ca\/International\/wp-json\/wp\/v2\/media?parent=132240"}],"wp:term":[{"taxonomy":"category","embeddable":true,"href":"https:\/\/linitiative.ca\/International\/wp-json\/wp\/v2\/categories?post=132240"},{"taxonomy":"post_tag","embeddable":true,"href":"https:\/\/linitiative.ca\/International\/wp-json\/wp\/v2\/tags?post=132240"}],"curies":[{"name":"wp","href":"https:\/\/api.w.org\/{rel}","templated":true}]}}