{"id":132241,"date":"2021-11-07T16:42:58","date_gmt":"2021-11-07T21:42:58","guid":{"rendered":"https:\/\/linitiative.ca\/International\/ac-milan-inter-les-milanais-se-neutralisent\/"},"modified":"2021-11-07T16:42:58","modified_gmt":"2021-11-07T21:42:58","slug":"ac-milan-inter-les-milanais-se-neutralisent","status":"publish","type":"post","link":"https:\/\/linitiative.ca\/International\/ac-milan-inter-les-milanais-se-neutralisent\/","title":{"rendered":"AC MILAN \u2013 INTER : les milanais se neutralisent"},"content":{"rendered":"<div>\n<p>A San Siro, l\u2019AC Milan et l\u2019Inter se sont quitt\u00e9s dos \u00e0 dos de ce derby della Madonnina. Le turc Hakan \u00c7alhano\u011flu a ouvert le score pour les Nerazzurri sur penalty (0-1, 11\u00e8me) avant qu\u2019un but contre son camp de Stefan de Vrij ne ram\u00e8ne les deux formations \u00e0 \u00e9galit\u00e9 (1-1, 17\u00e8me). Les Rossoneri et [\u2026]<\/p>\n<p>L\u2019article <a href=\"https:\/\/sport.tunisienumerique.com\/ac-milan-inter-les-milanais-se-neutralisent\/\">AC MILAN \u2013 INTER : les milanais se neutralisent<\/a> est apparu en premier sur <a href=\"https:\/\/www.tunisienumerique.com\/\">Tunisie<\/a>.<\/p>\n<\/div>\n<p>Auteur: Hamza Ben Khlifa<br \/>\n<a href=\"https:\/\/sport.tunisienumerique.com\/ac-milan-inter-les-milanais-se-neutralisent\/\">Cliquez ici pour lire l&rsquo;article depuis sa source.<\/a><\/p>\n","protected":false},"excerpt":{"rendered":"<p>A San Siro, l\u2019AC Milan et l\u2019Inter se sont quitt\u00e9s dos \u00e0 dos de ce derby della Madonnina. Le turc Hakan \u00c7alhano\u011flu a ouvert le score pour les Nerazzurri sur penalty (0-1, 11\u00e8me) avant qu\u2019un but contre son camp de Stefan de Vrij ne ram\u00e8ne les deux formations \u00e0 \u00e9galit\u00e9 (1-1, 17\u00e8me). Les Rossoneri et [&hellip;]<\/p>\n","protected":false},"author":1789,"featured_media":0,"comment_status":"closed","ping_status":"closed","sticky":false,"template":"","format":"standard","meta":{"fifu_image_url":"","fifu_image_alt":"","footnotes":""},"categories":[73,55],"tags":[],"class_list":["post-132241","post","type-post","status-publish","format-standard","hentry","category-actualite","category-tunisie"],"_links":{"self":[{"href":"https:\/\/linitiative.ca\/International\/wp-json\/wp\/v2\/posts\/132241","targetHints":{"allow":["GET"]}}],"collection":[{"href":"https:\/\/linitiative.ca\/International\/wp-json\/wp\/v2\/posts"}],"about":[{"href":"https:\/\/linitiative.ca\/International\/wp-json\/wp\/v2\/types\/post"}],"author":[{"embeddable":true,"href":"https:\/\/linitiative.ca\/International\/wp-json\/wp\/v2\/users\/1789"}],"replies":[{"embeddable":true,"href":"https:\/\/linitiative.ca\/International\/wp-json\/wp\/v2\/comments?post=132241"}],"version-history":[{"count":0,"href":"https:\/\/linitiative.ca\/International\/wp-json\/wp\/v2\/posts\/132241\/revisions"}],"wp:attachment":[{"href":"https:\/\/linitiative.ca\/International\/wp-json\/wp\/v2\/media?parent=132241"}],"wp:term":[{"taxonomy":"category","embeddable":true,"href":"https:\/\/linitiative.ca\/International\/wp-json\/wp\/v2\/categories?post=132241"},{"taxonomy":"post_tag","embeddable":true,"href":"https:\/\/linitiative.ca\/International\/wp-json\/wp\/v2\/tags?post=132241"}],"curies":[{"name":"wp","href":"https:\/\/api.w.org\/{rel}","templated":true}]}}