{"id":132246,"date":"2021-11-07T15:01:55","date_gmt":"2021-11-07T20:01:55","guid":{"rendered":"https:\/\/linitiative.ca\/International\/les-chefs-detat-ouest-africains-se-sont-une-nouvelle-fois-reunis-en-sommet-extraordinaire-dans-la-capitale-ghaneenne-pour-statuer-sur-le-deroulement-de-la-transition-au-mali-et-en-guinee-e\/"},"modified":"2021-11-07T15:01:55","modified_gmt":"2021-11-07T20:01:55","slug":"les-chefs-detat-ouest-africains-se-sont-une-nouvelle-fois-reunis-en-sommet-extraordinaire-dans-la-capitale-ghaneenne-pour-statuer-sur-le-deroulement-de-la-transition-au-mali-et-en-guinee-e","status":"publish","type":"post","link":"https:\/\/linitiative.ca\/International\/les-chefs-detat-ouest-africains-se-sont-une-nouvelle-fois-reunis-en-sommet-extraordinaire-dans-la-capitale-ghaneenne-pour-statuer-sur-le-deroulement-de-la-transition-au-mali-et-en-guinee-e\/","title":{"rendered":"Les chefs d\u2019Etat ouest- africains se sont une nouvelle fois r\u00e9unis en sommet extraordinaire dans la capitale ghan\u00e9enne, pour statuer sur le d\u00e9roulement de la transition au Mali et en Guin\u00e9e, et pour accentuer la pression sur les dirigeants de ces deux pays afin qu\u2019ils respectent les d\u00e9lais fix\u00e9s par la Communaut\u00e9 \u00e9conomique des Etats de l\u2019Afrique de l\u2019Ouest (CEDEAO) pour l\u2019organisation d\u2019\u00e9lections libres et transparentes dans leurs pays respectifs. Pour rappel, la CEDEAO a demand\u00e9 au colonel-major Mamady Doubouya \u00e0 la t\u00eate de la Guin\u00e9e-Conakry depuis son putsch du 5 septembre dernier, de passer le t\u00e9moin dans un d\u00e9lai de six mois \u00e0 un pr\u00e9sident d\u00e9mocratiquement \u00e9lu, et au colonel Assimi Go\u00efta, pr\u00e9sident de la transition malienne, d\u2019en faire autant au plus tard le 27 f\u00e9vrier prochain. Mais \u00e0 quelques mois de ces \u00e9ch\u00e9ances cruciales pour le retour \u00e0 une vie constitutionnelle normale, on ne semble pas presser le pas \u00e0 Conakry comme \u00e0 Bamako, en se fondant sur un nationalisme pas forc\u00e9ment de bon aloi selon lequel \u00ab seul le peuple d\u00e9cidera de son sort \u00bb.   L\u2019organisation sous-r\u00e9gionale n\u2019a pas toujours agi de mani\u00e8re coh\u00e9rente et d\u00e9cisive  L\u2019organisation sous- r\u00e9gionale a manifestement compris le man\u00e8ge, et a d\u00e9cid\u00e9 de mettre les dirigeants de ces deux pays face \u00e0 leurs responsabilit\u00e9s et \u00e0 leurs engagements, en rejetant en bloc les arguties politiques contenues dans les rapports qui lui ont \u00e9t\u00e9 soumis \u00e0 l\u2019occasion de ce sommet extraordinaire. Tant mieux si les sanctions qui ont \u00e9t\u00e9 envisag\u00e9es \u00e0 l\u2019encontre des dirigeants r\u00e9tifs de la Guin\u00e9e et du Mali, signent la fin de cette tendance croissante \u00e0 la docilit\u00e9 de la CEDEAO dont certains ont profit\u00e9 pour se hisser et se maintenir au sommet, au m\u00e9pris total des normes d\u00e9mocratiques. N\u2019oublions pas, en effet, que l\u2019organisation sous-r\u00e9gionale n\u2019a pas toujours agi de mani\u00e8re coh\u00e9rente et d\u00e9cisive quand il y a violation du Protocole additionnel sur la d\u00e9mocratie et la bonne gouvernance adopt\u00e9 en 2001, en adoptant une attitude de fermet\u00e9 vis-\u00e0-vis des uns et de mansu\u00e9tude \u00e0 l\u2019\u00e9gard des autres. Les cas les plus embl\u00e9matiques de cette gestion \u00e0 g\u00e9om\u00e9trie variable des crises, remontent \u00e0 2018 quand la CEDEAO alors pr\u00e9sid\u00e9e par Faure Gnassingb\u00e9 du Togo, avait \u00e9t\u00e9 sans piti\u00e9 pour les dirigeants de la Guin\u00e9e-Bissau pour violation du fameux Protocole sur la d\u00e9mocratie et la bonne gouvernance, alors que quelques mois plus tard, le m\u00eame Faure Gnassingb\u00e9 l\u2019a ouvertement d\u00e9fi\u00e9 en rejetant en bloc les r\u00e9formes qu\u2019elle a exig\u00e9es avant la tenue des \u00e9lections l\u00e9gislatives de d\u00e9cembre 2018. Au lieu de riposter en sanctionnant le Togo comme elle l\u2019avait fait pour la Guin\u00e9e-Bissau,   la CEDEAO est rest\u00e9e compl\u00e8tement muette et s\u2019est m\u00eame permis de f\u00e9liciter le gouvernement togolais pour le d\u00e9roulement r\u00e9ussi du scrutin. C\u2019est ce genre de \u00ab deux poids, deux mesures \u00bb qui a fini par exasp\u00e9rer les peuples et d\u00e9cr\u00e9dibiliser l\u2019organisation sous- r\u00e9gionale, qui essaie malgr\u00e9 tout et tant bien que mal de redorer son blason en adoptant des sanctions conform\u00e9ment \u00e0 ses textes, comme elle l\u2019a fait le 7 novembre dernier contre les dirigeants guin\u00e9ens et maliens qui r\u00eavent secr\u00e8tement d\u2019une prorogation de la p\u00e9riode de transition dans leurs pays respectifs.   La transition malienne aurait pu faire l\u2019\u00e9conomie d\u2019une crise avec la CEDEAO  Mais m\u00eame l\u00e0, les chefs d\u2019Etat de la sous-r\u00e9gion r\u00e9unis \u00e0 Accra, ont apport\u00e9 de l\u2019eau au moulin de ceux qui doutent de l\u2019impartialit\u00e9 de la CEDEAO, avec le  maintien des sanctions contre les premiers responsables  guin\u00e9ens mais en \u00e9dulcorant les critiques et le coup de boutoir qu\u2019elle a ass\u00e9n\u00e9 \u00e0 leurs homologues du Mali avec cette fois-ci, des sanctions cibl\u00e9es et visant particuli\u00e8rement les dirigeants de la transition.  On peut, dans une certaine mesure, comprendre la magnanimit\u00e9 toute relative vis-\u00e0-vis des putschistes guin\u00e9ens, qui ont d\u00e9j\u00e0 fait l\u2019objet de sanctions bien qu\u2019ils disent  avoir agi en septembre dernier pour mettre un terme \u00e0 la \u00ab gabegie financi\u00e8re \u00bb, \u00e0 la \u00ab corruption \u00bb et au \u00ab pi\u00e9tinement des droits des citoyens \u00bb, pour avoir mis en place un gouvernement civil et fait montre d\u2019une volont\u00e9 manifeste de remettre le pouvoir \u00e0 un pr\u00e9sident d\u00e9mocratiquement \u00e9lu, m\u00eame si la date, qui fait l\u2019objet de frictions, n\u2019est pas encore connue. Quant \u00e0 Assimi Go\u00efta, putschiste r\u00e9cidiviste s\u2019il en est, et ses hommes de main, ils surfent non seulement sur la mauvaise opinion que bien de leurs compatriotes ont de la CEDEAO, mais ils se moquent aussi visiblement et \u00e9perdument des avis de l\u2019organisation sous-r\u00e9gionale sur la fa\u00e7on dont la transition malienne doit \u00eatre conduite et achev\u00e9e. Ultra-nationalistes pour les uns, vulgaires opportunistes pour les autres, les dirigeants maliens risquent d\u2019avoir du fil \u00e0 retordre dans les prochaines semaines, avec la bronca que suscite leur conduite pour le moins \u00e9nigmatique de la transition. D\u00e9j\u00e0 en guerre diplomatique quasiment ouverte contre son partenaire historique, la France pour ne pas la nommer, et faisant l\u2019objet de critiques de plus en plus vives \u00e0 l\u2019interne, la transition malienne aurait pu faire l\u2019\u00e9conomie d\u2019une crise avec la CEDEAO dans ce contexte o\u00f9 le pays est, sur les plans \u00e9conomique et s\u00e9curitaire, dans un \u00e9tat comateux. Il est vrai que la jeunesse malienne en particulier et africaine de fa\u00e7on g\u00e9n\u00e9rale, est de plus en d\u00e9complex\u00e9e, que nous devons avoir le patriotisme chevill\u00e9 au corps, mais il faut en m\u00eame temps \u00eatre r\u00e9aliste et bien jauger ses forces et ses faiblesses avant d\u2019adopter une posture qui peut se r\u00e9v\u00e9ler sinon suicidaire, du moins aventuriste.   \u00ab Le Pays \u00bb  *C\u00f4c\u00f4ta : un petit coup sur la t\u00eate en nouchi ivoirien: Un \u00ab c\u00f4c\u00f4ta \u00bb pour Mamady Doumbouya et une gifle magistrale pour Assimi Go\u00efta"},"content":{"rendered":"<div>\n<p><img decoding=\"async\" width=\"960\" height=\"540\" src=\"https:\/\/linitiative.ca\/International\/wp-content\/uploads\/sites\/23\/2021\/11\/58984180-43423193.jpg\" class=\"attachment- size- wp-post-image\" alt=\"\" loading=\"lazy\" style=\"float:left; margin:0 15px 15px 0;\" srcset=\"https:\/\/linitiative.ca\/International\/wp-content\/uploads\/sites\/23\/2021\/11\/58984180-43423193.jpg 960w, https:\/\/lepays.bf\/wp-content\/uploads\/2021\/11\/58984180-43423193-300x169.jpg 300w, https:\/\/lepays.bf\/wp-content\/uploads\/2021\/11\/58984180-43423193-768x432.jpg 768w, https:\/\/lepays.bf\/wp-content\/uploads\/2021\/11\/58984180-43423193-390x220.jpg 390w\" sizes=\"auto, (max-width: 960px) 100vw, 960px\">Les chefs d\u2019Etat ouest- africains se sont une nouvelle fois r\u00e9unis en sommet extraordinaire dans la capitale ghan\u00e9enne, pour statuer sur le d\u00e9roulement de la transition au Mali et en Guin\u00e9e, et pour accentuer la pression sur les dirigeants de ces deux pays afin qu\u2019ils respectent les d\u00e9lais fix\u00e9s par la Communaut\u00e9 \u00e9conomique des Etats \u2026<\/p>\n<p>L\u2019article <a rel=\"nofollow\" href=\"https:\/\/lepays.bf\/les-chefs-detat-ouest-africains-se-sont-une-nouvelle-fois-reunis-en-sommet-extraordinaire-dans-la-capitale-ghaneenne-pour-statuer-sur-le-deroulement-de-la-transition-au-mali-et-en-guinee-e\/\">Les chefs d\u2019Etat ouest- africains se sont une nouvelle fois r\u00e9unis en sommet extraordinaire dans la capitale ghan\u00e9enne, pour statuer sur le d\u00e9roulement de la transition au Mali et en Guin\u00e9e, et pour accentuer la pression sur les dirigeants de ces deux pays afin qu\u2019ils respectent les d\u00e9lais fix\u00e9s par la Communaut\u00e9 \u00e9conomique des Etats de l\u2019Afrique de l\u2019Ouest (CEDEAO) pour l\u2019organisation d\u2019\u00e9lections libres et transparentes dans leurs pays respectifs. Pour rappel, la CEDEAO a demand\u00e9 au colonel-major Mamady Doubouya \u00e0 la t\u00eate de la Guin\u00e9e-Conakry depuis son putsch du 5 septembre dernier, de passer le t\u00e9moin dans un d\u00e9lai de six mois \u00e0 un pr\u00e9sident d\u00e9mocratiquement \u00e9lu, et au colonel Assimi Go\u00efta, pr\u00e9sident de la transition malienne, d\u2019en faire autant au plus tard le 27 f\u00e9vrier prochain. Mais \u00e0 quelques mois de ces \u00e9ch\u00e9ances cruciales pour le retour \u00e0 une vie constitutionnelle normale, on ne semble pas presser le pas \u00e0 Conakry comme \u00e0 Bamako, en se fondant sur un nationalisme pas forc\u00e9ment de bon aloi selon lequel \u00ab seul le peuple d\u00e9cidera de son sort \u00bb.   L\u2019organisation sous-r\u00e9gionale n\u2019a pas toujours agi de mani\u00e8re coh\u00e9rente et d\u00e9cisive  L\u2019organisation sous- r\u00e9gionale a manifestement compris le man\u00e8ge, et a d\u00e9cid\u00e9 de mettre les dirigeants de ces deux pays face \u00e0 leurs responsabilit\u00e9s et \u00e0 leurs engagements, en rejetant en bloc les arguties politiques contenues dans les rapports qui lui ont \u00e9t\u00e9 soumis \u00e0 l\u2019occasion de ce sommet extraordinaire. Tant mieux si les sanctions qui ont \u00e9t\u00e9 envisag\u00e9es \u00e0 l\u2019encontre des dirigeants r\u00e9tifs de la Guin\u00e9e et du Mali, signent la fin de cette tendance croissante \u00e0 la docilit\u00e9 de la CEDEAO dont certains ont profit\u00e9 pour se hisser et se maintenir au sommet, au m\u00e9pris total des normes d\u00e9mocratiques. N\u2019oublions pas, en effet, que l\u2019organisation sous-r\u00e9gionale n\u2019a pas toujours agi de mani\u00e8re coh\u00e9rente et d\u00e9cisive quand il y a violation du Protocole additionnel sur la d\u00e9mocratie et la bonne gouvernance adopt\u00e9 en 2001, en adoptant une attitude de fermet\u00e9 vis-\u00e0-vis des uns et de mansu\u00e9tude \u00e0 l\u2019\u00e9gard des autres. Les cas les plus embl\u00e9matiques de cette gestion \u00e0 g\u00e9om\u00e9trie variable des crises, remontent \u00e0 2018 quand la CEDEAO alors pr\u00e9sid\u00e9e par Faure Gnassingb\u00e9 du Togo, avait \u00e9t\u00e9 sans piti\u00e9 pour les dirigeants de la Guin\u00e9e-Bissau pour violation du fameux Protocole sur la d\u00e9mocratie et la bonne gouvernance, alors que quelques mois plus tard, le m\u00eame Faure Gnassingb\u00e9 l\u2019a ouvertement d\u00e9fi\u00e9 en rejetant en bloc les r\u00e9formes qu\u2019elle a exig\u00e9es avant la tenue des \u00e9lections l\u00e9gislatives de d\u00e9cembre 2018. Au lieu de riposter en sanctionnant le Togo comme elle l\u2019avait fait pour la Guin\u00e9e-Bissau,   la CEDEAO est rest\u00e9e compl\u00e8tement muette et s\u2019est m\u00eame permis de f\u00e9liciter le gouvernement togolais pour le d\u00e9roulement r\u00e9ussi du scrutin. C\u2019est ce genre de \u00ab deux poids, deux mesures \u00bb qui a fini par exasp\u00e9rer les peuples et d\u00e9cr\u00e9dibiliser l\u2019organisation sous- r\u00e9gionale, qui essaie malgr\u00e9 tout et tant bien que mal de redorer son blason en adoptant des sanctions conform\u00e9ment \u00e0 ses textes, comme elle l\u2019a fait le 7 novembre dernier contre les dirigeants guin\u00e9ens et maliens qui r\u00eavent secr\u00e8tement d\u2019une prorogation de la p\u00e9riode de transition dans leurs pays respectifs.   La transition malienne aurait pu faire l\u2019\u00e9conomie d\u2019une crise avec la CEDEAO  Mais m\u00eame l\u00e0, les chefs d\u2019Etat de la sous-r\u00e9gion r\u00e9unis \u00e0 Accra, ont apport\u00e9 de l\u2019eau au moulin de ceux qui doutent de l\u2019impartialit\u00e9 de la CEDEAO, avec le  maintien des sanctions contre les premiers responsables  guin\u00e9ens mais en \u00e9dulcorant les critiques et le coup de boutoir qu\u2019elle a ass\u00e9n\u00e9 \u00e0 leurs homologues du Mali avec cette fois-ci, des sanctions cibl\u00e9es et visant particuli\u00e8rement les dirigeants de la transition.  On peut, dans une certaine mesure, comprendre la magnanimit\u00e9 toute relative vis-\u00e0-vis des putschistes guin\u00e9ens, qui ont d\u00e9j\u00e0 fait l\u2019objet de sanctions bien qu\u2019ils disent  avoir agi en septembre dernier pour mettre un terme \u00e0 la \u00ab gabegie financi\u00e8re \u00bb, \u00e0 la \u00ab corruption \u00bb et au \u00ab pi\u00e9tinement des droits des citoyens \u00bb, pour avoir mis en place un gouvernement civil et fait montre d\u2019une volont\u00e9 manifeste de remettre le pouvoir \u00e0 un pr\u00e9sident d\u00e9mocratiquement \u00e9lu, m\u00eame si la date, qui fait l\u2019objet de frictions, n\u2019est pas encore connue. Quant \u00e0 Assimi Go\u00efta, putschiste r\u00e9cidiviste s\u2019il en est, et ses hommes de main, ils surfent non seulement sur la mauvaise opinion que bien de leurs compatriotes ont de la CEDEAO, mais ils se moquent aussi visiblement et \u00e9perdument des avis de l\u2019organisation sous-r\u00e9gionale sur la fa\u00e7on dont la transition malienne doit \u00eatre conduite et achev\u00e9e. Ultra-nationalistes pour les uns, vulgaires opportunistes pour les autres, les dirigeants maliens risquent d\u2019avoir du fil \u00e0 retordre dans les prochaines semaines, avec la bronca que suscite leur conduite pour le moins \u00e9nigmatique de la transition. D\u00e9j\u00e0 en guerre diplomatique quasiment ouverte contre son partenaire historique, la France pour ne pas la nommer, et faisant l\u2019objet de critiques de plus en plus vives \u00e0 l\u2019interne, la transition malienne aurait pu faire l\u2019\u00e9conomie d\u2019une crise avec la CEDEAO dans ce contexte o\u00f9 le pays est, sur les plans \u00e9conomique et s\u00e9curitaire, dans un \u00e9tat comateux. Il est vrai que la jeunesse malienne en particulier et africaine de fa\u00e7on g\u00e9n\u00e9rale, est de plus en d\u00e9complex\u00e9e, que nous devons avoir le patriotisme chevill\u00e9 au corps, mais il faut en m\u00eame temps \u00eatre r\u00e9aliste et bien jauger ses forces et ses faiblesses avant d\u2019adopter une posture qui peut se r\u00e9v\u00e9ler sinon suicidaire, du moins aventuriste.   \u00ab Le Pays \u00bb  *C\u00f4c\u00f4ta : un petit coup sur la t\u00eate en nouchi ivoirien: Un \u00ab c\u00f4c\u00f4ta \u00bb pour Mamady Doumbouya et une gifle magistrale pour Assimi Go\u00efta<\/a> est apparu en premier sur <a rel=\"nofollow\" href=\"https:\/\/lepays.bf\/\">Editions Le Pays<\/a>.<\/p>\n<\/div>\n<p>Auteur: Editions LEPAYS<br \/>\n<a href=\"https:\/\/lepays.bf\/les-chefs-detat-ouest-africains-se-sont-une-nouvelle-fois-reunis-en-sommet-extraordinaire-dans-la-capitale-ghaneenne-pour-statuer-sur-le-deroulement-de-la-transition-au-mali-et-en-guinee-e\/\">Cliquez ici pour lire l&rsquo;article depuis sa source.<\/a><\/p>\n","protected":false},"excerpt":{"rendered":"<p>Les chefs d\u2019Etat ouest- africains se sont une nouvelle fois r\u00e9unis en sommet extraordinaire dans la capitale ghan\u00e9enne, pour statuer sur le d\u00e9roulement de la transition au Mali et en Guin\u00e9e, et pour accentuer la pression sur les dirigeants de ces deux pays afin qu\u2019ils respectent les d\u00e9lais fix\u00e9s par la Communaut\u00e9 \u00e9conomique des Etats [&hellip;]<\/p>\n","protected":false},"author":1813,"featured_media":0,"comment_status":"closed","ping_status":"closed","sticky":false,"template":"","format":"standard","meta":{"fifu_image_url":"https:\/\/lepays.bf\/wp-content\/uploads\/2021\/11\/58984180-43423193.jpg","fifu_image_alt":"Les chefs d\u2019Etat ouest- africains se sont une nouvelle fois r\u00e9unis en sommet extraordinaire dans la capitale ghan\u00e9enne, pour statuer sur le d\u00e9roulement de la transition au Mali et en Guin\u00e9e, et pour accentuer la pression sur les dirigeants de ces deux pays afin qu\u2019ils respectent les d\u00e9lais fix\u00e9s par la Communaut\u00e9 \u00e9conomique des Etats de l\u2019Afrique de l\u2019Ouest (CEDEAO) pour l\u2019organisation d\u2019\u00e9lections libres et transparentes dans leurs pays respectifs. Pour rappel, la CEDEAO a demand\u00e9 au colonel-major Mamady Doubouya \u00e0 la t\u00eate de la Guin\u00e9e-Conakry depuis son putsch du 5 septembre dernier, de passer le t\u00e9moin dans un d\u00e9lai de six mois \u00e0 un pr\u00e9sident d\u00e9mocratiquement \u00e9lu, et au colonel Assimi Go\u00efta, pr\u00e9sident de la transition malienne, d\u2019en faire autant au plus tard le 27 f\u00e9vrier prochain. Mais \u00e0 quelques mois de ces \u00e9ch\u00e9ances cruciales pour le retour \u00e0 une vie constitutionnelle normale, on ne semble pas presser le pas \u00e0 Conakry comme \u00e0 Bamako, en se fondant sur un nationalisme pas forc\u00e9ment de bon aloi selon lequel \u00ab seul le peuple d\u00e9cidera de son sort \u00bb.   L\u2019organisation sous-r\u00e9gionale n\u2019a pas toujours agi de mani\u00e8re coh\u00e9rente et d\u00e9cisive  L\u2019organisation sous- r\u00e9gionale a manifestement compris le man\u00e8ge, et a d\u00e9cid\u00e9 de mettre les dirigeants de ces deux pays face \u00e0 leurs responsabilit\u00e9s et \u00e0 leurs engagements, en rejetant en bloc les arguties politiques contenues dans les rapports qui lui ont \u00e9t\u00e9 soumis \u00e0 l\u2019occasion de ce sommet extraordinaire. Tant mieux si les sanctions qui ont \u00e9t\u00e9 envisag\u00e9es \u00e0 l\u2019encontre des dirigeants r\u00e9tifs de la Guin\u00e9e et du Mali, signent la fin de cette tendance croissante \u00e0 la docilit\u00e9 de la CEDEAO dont certains ont profit\u00e9 pour se hisser et se maintenir au sommet, au m\u00e9pris total des normes d\u00e9mocratiques. N\u2019oublions pas, en effet, que l\u2019organisation sous-r\u00e9gionale n\u2019a pas toujours agi de mani\u00e8re coh\u00e9rente et d\u00e9cisive quand il y a violation du Protocole additionnel sur la d\u00e9mocratie et la bonne gouvernance adopt\u00e9 en 2001, en adoptant une attitude de fermet\u00e9 vis-\u00e0-vis des uns et de mansu\u00e9tude \u00e0 l\u2019\u00e9gard des autres. Les cas les plus embl\u00e9matiques de cette gestion \u00e0 g\u00e9om\u00e9trie variable des crises, remontent \u00e0 2018 quand la CEDEAO alors pr\u00e9sid\u00e9e par Faure Gnassingb\u00e9 du Togo, avait \u00e9t\u00e9 sans piti\u00e9 pour les dirigeants de la Guin\u00e9e-Bissau pour violation du fameux Protocole sur la d\u00e9mocratie et la bonne gouvernance, alors que quelques mois plus tard, le m\u00eame Faure Gnassingb\u00e9 l\u2019a ouvertement d\u00e9fi\u00e9 en rejetant en bloc les r\u00e9formes qu\u2019elle a exig\u00e9es avant la tenue des \u00e9lections l\u00e9gislatives de d\u00e9cembre 2018. Au lieu de riposter en sanctionnant le Togo comme elle l\u2019avait fait pour la Guin\u00e9e-Bissau,   la CEDEAO est rest\u00e9e compl\u00e8tement muette et s\u2019est m\u00eame permis de f\u00e9liciter le gouvernement togolais pour le d\u00e9roulement r\u00e9ussi du scrutin. C\u2019est ce genre de \u00ab deux poids, deux mesures \u00bb qui a fini par exasp\u00e9rer les peuples et d\u00e9cr\u00e9dibiliser l\u2019organisation sous- r\u00e9gionale, qui essaie malgr\u00e9 tout et tant bien que mal de redorer son blason en adoptant des sanctions conform\u00e9ment \u00e0 ses textes, comme elle l\u2019a fait le 7 novembre dernier contre les dirigeants guin\u00e9ens et maliens qui r\u00eavent secr\u00e8tement d\u2019une prorogation de la p\u00e9riode de transition dans leurs pays respectifs.   La transition malienne aurait pu faire l\u2019\u00e9conomie d\u2019une crise avec la CEDEAO  Mais m\u00eame l\u00e0, les chefs d\u2019Etat de la sous-r\u00e9gion r\u00e9unis \u00e0 Accra, ont apport\u00e9 de l\u2019eau au moulin de ceux qui doutent de l\u2019impartialit\u00e9 de la CEDEAO, avec le  maintien des sanctions contre les premiers responsables  guin\u00e9ens mais en \u00e9dulcorant les critiques et le coup de boutoir qu\u2019elle a ass\u00e9n\u00e9 \u00e0 leurs homologues du Mali avec cette fois-ci, des sanctions cibl\u00e9es et visant particuli\u00e8rement les dirigeants de la transition.  On peut, dans une certaine mesure, comprendre la magnanimit\u00e9 toute relative vis-\u00e0-vis des putschistes guin\u00e9ens, qui ont d\u00e9j\u00e0 fait l\u2019objet de sanctions bien qu\u2019ils disent  avoir agi en septembre dernier pour mettre un terme \u00e0 la \u00ab gabegie financi\u00e8re \u00bb, \u00e0 la \u00ab corruption \u00bb et au \u00ab pi\u00e9tinement des droits des citoyens \u00bb, pour avoir mis en place un gouvernement civil et fait montre d\u2019une volont\u00e9 manifeste de remettre le pouvoir \u00e0 un pr\u00e9sident d\u00e9mocratiquement \u00e9lu, m\u00eame si la date, qui fait l\u2019objet de frictions, n\u2019est pas encore connue. Quant \u00e0 Assimi Go\u00efta, putschiste r\u00e9cidiviste s\u2019il en est, et ses hommes de main, ils surfent non seulement sur la mauvaise opinion que bien de leurs compatriotes ont de la CEDEAO, mais ils se moquent aussi visiblement et \u00e9perdument des avis de l\u2019organisation sous-r\u00e9gionale sur la fa\u00e7on dont la transition malienne doit \u00eatre conduite et achev\u00e9e. Ultra-nationalistes pour les uns, vulgaires opportunistes pour les autres, les dirigeants maliens risquent d\u2019avoir du fil \u00e0 retordre dans les prochaines semaines, avec la bronca que suscite leur conduite pour le moins \u00e9nigmatique de la transition. D\u00e9j\u00e0 en guerre diplomatique quasiment ouverte contre son partenaire historique, la France pour ne pas la nommer, et faisant l\u2019objet de critiques de plus en plus vives \u00e0 l\u2019interne, la transition malienne aurait pu faire l\u2019\u00e9conomie d\u2019une crise avec la CEDEAO dans ce contexte o\u00f9 le pays est, sur les plans \u00e9conomique et s\u00e9curitaire, dans un \u00e9tat comateux. Il est vrai que la jeunesse malienne en particulier et africaine de fa\u00e7on g\u00e9n\u00e9rale, est de plus en d\u00e9complex\u00e9e, que nous devons avoir le patriotisme chevill\u00e9 au corps, mais il faut en m\u00eame temps \u00eatre r\u00e9aliste et bien jauger ses forces et ses faiblesses avant d\u2019adopter une posture qui peut se r\u00e9v\u00e9ler sinon suicidaire, du moins aventuriste.   \u00ab Le Pays \u00bb  *C\u00f4c\u00f4ta : un petit coup sur la t\u00eate en nouchi ivoirien: Un \u00ab c\u00f4c\u00f4ta \u00bb pour Mamady Doumbouya et une gifle magistrale pour Assimi Go\u00efta","footnotes":""},"categories":[73,81],"tags":[],"class_list":["post-132246","post","type-post","status-publish","format-standard","hentry","category-actualite","category-burkina-faso"],"_links":{"self":[{"href":"https:\/\/linitiative.ca\/International\/wp-json\/wp\/v2\/posts\/132246","targetHints":{"allow":["GET"]}}],"collection":[{"href":"https:\/\/linitiative.ca\/International\/wp-json\/wp\/v2\/posts"}],"about":[{"href":"https:\/\/linitiative.ca\/International\/wp-json\/wp\/v2\/types\/post"}],"author":[{"embeddable":true,"href":"https:\/\/linitiative.ca\/International\/wp-json\/wp\/v2\/users\/1813"}],"replies":[{"embeddable":true,"href":"https:\/\/linitiative.ca\/International\/wp-json\/wp\/v2\/comments?post=132246"}],"version-history":[{"count":0,"href":"https:\/\/linitiative.ca\/International\/wp-json\/wp\/v2\/posts\/132246\/revisions"}],"wp:attachment":[{"href":"https:\/\/linitiative.ca\/International\/wp-json\/wp\/v2\/media?parent=132246"}],"wp:term":[{"taxonomy":"category","embeddable":true,"href":"https:\/\/linitiative.ca\/International\/wp-json\/wp\/v2\/categories?post=132246"},{"taxonomy":"post_tag","embeddable":true,"href":"https:\/\/linitiative.ca\/International\/wp-json\/wp\/v2\/tags?post=132246"}],"curies":[{"name":"wp","href":"https:\/\/api.w.org\/{rel}","templated":true}]}}