{"id":132248,"date":"2021-11-07T08:21:30","date_gmt":"2021-11-07T13:21:30","guid":{"rendered":"https:\/\/linitiative.ca\/International\/dimanche-politique-sur-radio-omega-je-demande-pardon-a-tous-les-burkinabe-je-suis-un-luc-adolphe-tiao-nouveau-affirme-le-fondateur-du-rpd\/"},"modified":"2021-11-07T08:21:30","modified_gmt":"2021-11-07T13:21:30","slug":"dimanche-politique-sur-radio-omega-je-demande-pardon-a-tous-les-burkinabe-je-suis-un-luc-adolphe-tiao-nouveau-affirme-le-fondateur-du-rpd","status":"publish","type":"post","link":"https:\/\/linitiative.ca\/International\/dimanche-politique-sur-radio-omega-je-demande-pardon-a-tous-les-burkinabe-je-suis-un-luc-adolphe-tiao-nouveau-affirme-le-fondateur-du-rpd\/","title":{"rendered":"Dimanche Politique sur Radio Omega:\u00a0\u00abJe demande pardon \u00e0 tous les burkinab\u00e8. Je suis un Luc Adolphe Tiao \u2018\u2019Nouveau\u2019\u2019 \u00bb, affirme le fondateur du RPD"},"content":{"rendered":"<div>\n<p><strong>L\u2019ancien Premier ministre, Luc Adolphe Tiao, a tenu le samedi, 6 novembre 2021, \u00e0 Ouagadougou, l\u2019assembl\u00e9e g\u00e9n\u00e9rale constitutive de son parti d\u00e9nomm\u00e9 Rassemblement Patriotique pour le D\u00e9veloppement (RPD). Le lendemain dimanche, il \u00e9tait l\u2019invit\u00e9 de l\u2019\u00e9mission dimanche politique de Radio Omega. R\u00e9sum\u00e9 des extraits dignes d\u2019int\u00e9r\u00eat\u2026<\/strong><\/p>\n<p>Le pr\u00e9sident du nouveau parti,\u00a0le Rassemblement Patriotique pour le D\u00e9veloppement (RPD), l\u2019ex premier ministre du pr\u00e9sident Blaise Compaor\u00e9 a regrett\u00e9 ce qui s\u2019est pass\u00e9 lors de la chute du r\u00e9gime les 30 et 31 octobre 2014<strong>.\u00a0<\/strong><em>\u00ab\u00a0Je suis sinc\u00e8re, je ne dis pas quelque chose pour que demain l\u2019on me blanchisse. J\u2019ai le profond regret de voir tant de personnes qui ont \u00e9t\u00e9 victimes de ce qui est arriv\u00e9 \u00e0 notre chute\u00a0\u00bb, a-t-il dit.\u00a0<\/em>Il a confi\u00e9 lors de\u00a0 l\u2019\u00e9mission\u00a0dimanche politique sur Radio Omega qu\u2019il vit un traumatisme int\u00e9rieur. Il a profit\u00e9 exprimer sa compassion pour les familles de toutes les victimes. Pour lui, les populations sont sorties parce qu\u2019ils avaient un id\u00e9al.\u00a0<em>\u00ab\u00a0Nous aussi, nous \u00e9tions dans l\u2019utopie. Je prie Dieu que leurs \u00e2mes reposent en paix et que nous puissions transcender tout cela\u00a0\u00bb,\u00a0<\/em>a affirm\u00e9 l\u2019ex premier ministre.<\/p>\n<p><em>\u00ab\u00a0En fondant ce Parti, je me lance r\u00e9ellement en Politique. Du fond du c\u0153ur, je demande pardon \u00e0 tous les burkinab\u00e8 que j\u2019ai offens\u00e9 et fait du tort. Je suis \u2018\u2019un Luc Adolphe Tiao Nouveau\u2019\u2019\u00a0\u00bb<\/em>, a indiqu\u00e9 le fondateur du RPD. Il a par ailleurs affirm\u00e9 que son parti est pour le moment (non align\u00e9). Et\u00a0que le RPD travaillera en fonction des attentes des burkinab\u00e8.<\/p>\n<p>Le pr\u00e9sident du nouveau parti RPD a fait aussi savoir\u00a0:\u00a0<em>\u00ab\u00a0Le pr\u00e9sident Compaor\u00e9 souffrant m\u2019a dit en octobre 2020\u00a0:\u2019\u2019Luc, j\u2019aimerais rentrer au pays\u2019\u2019. J\u2019en ai parl\u00e9 \u00e0 un ami proche du pr\u00e9sident Kabor\u00e9 pour lui confier que Blaise Compaor\u00e9 d\u00e9sire rentrer. De ce que j\u2019ai appris de source fiable, le pr\u00e9sident Kabor\u00e9 a pris toutes les dispositions permettant d\u2019accueillir Blaise Compaor\u00e9 dans les conditions respectables. Nous ne souhaitons pas qu\u2019il rentre humilier au Pays\u00a0\u00bb.<\/em><\/p>\n<p>Il a aussi indiqu\u00e9 que c\u2019est seulement l\u2019\u00e9tat de sant\u00e9 du pr\u00e9sident Compaor\u00e9 qui l\u2019emp\u00eache de revenir au Burkina. Et de dire que s\u2019il \u00e9tait en forme, le proc\u00e8s ne l\u2019aurait pas emp\u00each\u00e9 de rentrer.<\/p>\n<p>WMO<\/p>\n<p>L\u2019article <a rel=\"nofollow\" href=\"https:\/\/www.sidwaya.info\/blog\/2021\/11\/07\/dimanche-politique-sur-radio-omega-je-demande-pardon-a-tous-les-burkinabe-je-suis-un-luc-adolphe-tiao-nouveau-affirme-le-fondateur-du-rpd\/\">Dimanche Politique sur Radio Omega:\u00a0\u00abJe demande pardon \u00e0 tous les burkinab\u00e8. Je suis un Luc Adolphe Tiao \u2018\u2019Nouveau\u2019\u2019 \u00bb, affirme le fondateur du RPD<\/a> est apparu en premier sur <a rel=\"nofollow\" href=\"https:\/\/www.sidwaya.info\/\">Quotidien Sidwaya<\/a>.<\/p>\n<\/div>\n<p>Auteur: Wamini SIDWAYA<br \/>\n<a href=\"https:\/\/www.sidwaya.info\/blog\/2021\/11\/07\/dimanche-politique-sur-radio-omega-je-demande-pardon-a-tous-les-burkinabe-je-suis-un-luc-adolphe-tiao-nouveau-affirme-le-fondateur-du-rpd\/\">Cliquez ici pour lire l&rsquo;article depuis sa source.<\/a><\/p>\n","protected":false},"excerpt":{"rendered":"<p>L\u2019ancien Premier ministre, Luc Adolphe Tiao, a tenu le samedi, 6 novembre 2021, \u00e0 Ouagadougou, l\u2019assembl\u00e9e g\u00e9n\u00e9rale constitutive de son parti d\u00e9nomm\u00e9 Rassemblement Patriotique pour le D\u00e9veloppement (RPD). Le lendemain dimanche, il \u00e9tait l\u2019invit\u00e9 de l\u2019\u00e9mission dimanche politique de Radio Omega. R\u00e9sum\u00e9 des extraits dignes d\u2019int\u00e9r\u00eat\u2026 Le pr\u00e9sident du nouveau parti,\u00a0le Rassemblement Patriotique pour le [&hellip;]<\/p>\n","protected":false},"author":1816,"featured_media":0,"comment_status":"closed","ping_status":"closed","sticky":false,"template":"","format":"standard","meta":{"fifu_image_url":"","fifu_image_alt":"","footnotes":""},"categories":[73,81],"tags":[],"class_list":["post-132248","post","type-post","status-publish","format-standard","hentry","category-actualite","category-burkina-faso"],"_links":{"self":[{"href":"https:\/\/linitiative.ca\/International\/wp-json\/wp\/v2\/posts\/132248","targetHints":{"allow":["GET"]}}],"collection":[{"href":"https:\/\/linitiative.ca\/International\/wp-json\/wp\/v2\/posts"}],"about":[{"href":"https:\/\/linitiative.ca\/International\/wp-json\/wp\/v2\/types\/post"}],"author":[{"embeddable":true,"href":"https:\/\/linitiative.ca\/International\/wp-json\/wp\/v2\/users\/1816"}],"replies":[{"embeddable":true,"href":"https:\/\/linitiative.ca\/International\/wp-json\/wp\/v2\/comments?post=132248"}],"version-history":[{"count":0,"href":"https:\/\/linitiative.ca\/International\/wp-json\/wp\/v2\/posts\/132248\/revisions"}],"wp:attachment":[{"href":"https:\/\/linitiative.ca\/International\/wp-json\/wp\/v2\/media?parent=132248"}],"wp:term":[{"taxonomy":"category","embeddable":true,"href":"https:\/\/linitiative.ca\/International\/wp-json\/wp\/v2\/categories?post=132248"},{"taxonomy":"post_tag","embeddable":true,"href":"https:\/\/linitiative.ca\/International\/wp-json\/wp\/v2\/tags?post=132248"}],"curies":[{"name":"wp","href":"https:\/\/api.w.org\/{rel}","templated":true}]}}