{"id":132257,"date":"2021-11-07T12:18:02","date_gmt":"2021-11-07T17:18:02","guid":{"rendered":"https:\/\/linitiative.ca\/International\/le-prix-dexcellence-ivoirien-de-la-qualite-decerne-a-la-cie\/"},"modified":"2021-11-07T12:18:02","modified_gmt":"2021-11-07T17:18:02","slug":"le-prix-dexcellence-ivoirien-de-la-qualite-decerne-a-la-cie","status":"publish","type":"post","link":"https:\/\/linitiative.ca\/International\/le-prix-dexcellence-ivoirien-de-la-qualite-decerne-a-la-cie\/","title":{"rendered":"Le Prix d\u2019excellence ivoirien de la qualit\u00e9 d\u00e9cern\u00e9 \u00e0 la CIE"},"content":{"rendered":"<div>\n<p><img loading=\"lazy\" decoding=\"async\" width=\"383\" height=\"336\" src=\"https:\/\/linitiative.ca\/International\/wp-content\/uploads\/sites\/23\/2021\/11\/16363054821171.jpg\" class=\"attachment-post-thumbnail size-post-thumbnail wp-post-image\" alt=\"\" srcset=\"https:\/\/linitiative.ca\/International\/wp-content\/uploads\/sites\/23\/2021\/11\/16363054821171.jpg 383w, https:\/\/www.journalducameroun.com\/wp-content\/uploads\/2021\/11\/16363054821171-300x263.jpg 300w\" sizes=\"auto, (max-width: 383px) 100vw, 383px\"><\/p>\n<p>Le Prix ivoirien de la qualit\u00e9 d\u00e9cern\u00e9 \u00e0 la direction de la production d&rsquo;\u00e9lectricit\u00e9 de la Compagnie ivoirienne d&rsquo;\u00e9lectricit\u00e9 (DPE-CIE), a \u00e9t\u00e9 remis vendredi par le Premier ministre Patrick Achi, au Palais pr\u00e9sidentiel, lors de la Journ\u00e9e nationale de l&rsquo;excellence.<\/p>\n<p>Le prix a \u00e9t\u00e9 r\u00e9ceptionn\u00e9 par le directeur g\u00e9n\u00e9ral de la CIE, M. Ahmadou Bakayoko, lors d&rsquo;une c\u00e9r\u00e9monie en pr\u00e9sence du chef de l&rsquo;Etat M. Alassane Ouattara, de la Premi\u00e8re dame Mme Dominique Ouattara, des pr\u00e9sidents d&rsquo;institutions et des membres du gouvernement. \u00a0<\/p>\n<p>Cette distinction, qui r\u00e9compense les entit\u00e9s qui se sont illustr\u00e9es par la qualit\u00e9 de leurs produits et services dans le domaine du commerce et de l&rsquo;industrie, est un concours organis\u00e9 par la Direction de la promotion de la qualit\u00e9 et de la normalisation (DPQN) du minist\u00e8re du Commerce et de l&rsquo;industrie.\u00a0<\/p>\n<p>Adress\u00e9 \u00e0 toutes les organisations publiques ou priv\u00e9es exer\u00e7ant en C\u00f4te d&rsquo;Ivoire et engag\u00e9es dans une d\u00e9marche qualit\u00e9, ce prix vise \u00e0 promouvoir la culture de la Qualit\u00e9 en C\u00f4te d&rsquo;Ivoire et \u00e0 inciter les entreprises \u00e0 entreprendre une d\u00e9marche qualit\u00e9.\u00a0<\/p>\n<p>Pour cette \u00e9dition, le prix vient couronner la d\u00e9marche qualit\u00e9 de la Direction de la Production d&rsquo;Electricit\u00e9 de la CIE, d\u00e9j\u00e0 certifi\u00e9e Qualit\u00e9 S\u00e9curit\u00e9 Environnement (QSE) sur le p\u00e9rim\u00e8tre production, transport et mouvement d&rsquo;\u00e9nergie.<\/p>\n<p>Le directeur g\u00e9n\u00e9ral de la CIE, dont l&rsquo;entit\u00e9 est engag\u00e9e dans la promotion de la qualit\u00e9 depuis de nombreuses ann\u00e9es, a remerci\u00e9 l&rsquo;Etat de C\u00f4te d&rsquo;Ivoire pour cette reconnaissance, qui couronne les efforts de l&rsquo;entreprise. \u00a0\u00a0<\/p>\n<p>M. Ahmadou Bakayoko a f\u00e9licit\u00e9 l&rsquo;ensemble de ses collaborateurs pour les efforts constants accomplis et les a exhort\u00e9s \u00e0 poursuivre la politique qualit\u00e9 qui n&rsquo;a pour seul but que la satisfaction des engagements contractuels de la CIE avec l&rsquo;Etat et celle de ses clients.\u00a0<\/p>\n<p>\u00ab\u00a0L&rsquo;Excellence et la comp\u00e9tence technique de la CIE sont reconnues, entre autres, au niveau de la qualit\u00e9 de nos facteurs de production hydraulique et thermique ; et cela repr\u00e9sente un grand honneur pour tous les braves agents de notre entreprise\u00a0\u00bb, a d\u00e9clar\u00e9 M. Ahmadou Bakayoko.\u00a0<\/p>\n<p>Le d\u00e9ficit de qualit\u00e9 des produits et des services constitue l&rsquo;un des freins majeurs \u00e0 la participation des Etats membres de la r\u00e9gion ouest-africaine au commerce mondial et \u00e0 la comp\u00e9titivit\u00e9.\u00a0<\/p>\n<p>Pour permettre \u00e0 la C\u00f4te d&rsquo;Ivoire de se positionner au rang des nations \u00e9mergentes, le gouvernement ivoirien, \u00e0 travers le minist\u00e8re charg\u00e9 de l&rsquo;Industrie, s&rsquo;est r\u00e9solument engag\u00e9 \u00e0 cr\u00e9er les conditions d&rsquo;un environnement favorable pour le d\u00e9veloppement de la qualit\u00e9.<\/p>\n<p>C&rsquo;est dans ce cadre que l&rsquo;Etat de C\u00f4te d&rsquo;Ivoire a institu\u00e9 le 13 juin 2002, le concours du Prix Ivoirien de la Qualit\u00e9 et confi\u00e9 son organisation au minist\u00e8re de l&rsquo;Industrie et des mines, \u00e0 travers la Direction de la Promotion de la Qualit\u00e9 et de la Normalisation.<\/p>\n<p>Ce sont au total 84 laur\u00e9ats dont 48 personnes physiques, issus de l&rsquo;\u00e9dition 2020 auxquels se sont ajout\u00e9s ceux de l&rsquo;ann\u00e9e 2021 du secteur Education-Formation professionnelle, qui ont re\u00e7u leurs Prix au cours de cette c\u00e9r\u00e9monie.<\/p>\n<p>Intervenant \u00e0 cette occasion, le chef de l&rsquo;Etat ivoirien a exprim\u00e9 sa joie de pr\u00e9sider la traditionnelle Journ\u00e9e nationale de l&rsquo;excellence qui est devenue une opportunit\u00e9 de raffermissement de l&rsquo;unit\u00e9 nationale autour des valeurs du travail et du m\u00e9rite.\u00a0<\/p>\n<p>M. Ouattara a exprim\u00e9 ses vives f\u00e9licitations aux laur\u00e9ats de cette 8\u00e8me \u00e9dition du Prix national d&rsquo;excellence, et souhait\u00e9 la p\u00e9rennisation de la Journ\u00e9e nationale de l&rsquo;excellence, pour une saine comp\u00e9tition des talents du pays.\u00a0 Ce prix est constitu\u00e9 d&rsquo;un dipl\u00f4me, d&rsquo;un troph\u00e9e et d&rsquo;un ch\u00e8que de 10 millions de FCFA.<\/p>\n<p>Cet article <a rel=\"nofollow\" href=\"https:\/\/www.journalducameroun.com\/le-prix-dexcellence-ivoirien-de-la-qualite-decerne-a-la-cie\/\">Le Prix d\u2019excellence ivoirien de la qualit\u00e9 d\u00e9cern\u00e9 \u00e0 la CIE<\/a> est apparu en premier sur <a rel=\"nofollow\" href=\"https:\/\/www.journalducameroun.com\/\">Journal du Cameroun<\/a>.<\/p>\n<\/div>\n<p>Auteur: APA News<br \/>\n<a href=\"https:\/\/www.journalducameroun.com\/le-prix-dexcellence-ivoirien-de-la-qualite-decerne-a-la-cie\/\">Cliquez ici pour lire l&rsquo;article depuis sa source.<\/a><\/p>\n","protected":false},"excerpt":{"rendered":"<p>Le Prix ivoirien de la qualit\u00e9 d\u00e9cern\u00e9 \u00e0 la direction de la production d&rsquo;\u00e9lectricit\u00e9 de la Compagnie ivoirienne d&rsquo;\u00e9lectricit\u00e9 (DPE-CIE), a \u00e9t\u00e9 remis vendredi par le Premier ministre Patrick Achi, au Palais pr\u00e9sidentiel, lors de la Journ\u00e9e nationale de l&rsquo;excellence. Le prix a \u00e9t\u00e9 r\u00e9ceptionn\u00e9 par le directeur g\u00e9n\u00e9ral de la CIE, M. Ahmadou Bakayoko, [&hellip;]<\/p>\n","protected":false},"author":1965,"featured_media":0,"comment_status":"closed","ping_status":"closed","sticky":false,"template":"","format":"standard","meta":{"fifu_image_url":"https:\/\/www.journalducameroun.com\/wp-content\/uploads\/2021\/11\/16363054821171.jpg","fifu_image_alt":"Le Prix d\u2019excellence ivoirien de la qualit\u00e9 d\u00e9cern\u00e9 \u00e0 la CIE","footnotes":""},"categories":[73,82],"tags":[],"class_list":["post-132257","post","type-post","status-publish","format-standard","hentry","category-actualite","category-cameroun"],"_links":{"self":[{"href":"https:\/\/linitiative.ca\/International\/wp-json\/wp\/v2\/posts\/132257","targetHints":{"allow":["GET"]}}],"collection":[{"href":"https:\/\/linitiative.ca\/International\/wp-json\/wp\/v2\/posts"}],"about":[{"href":"https:\/\/linitiative.ca\/International\/wp-json\/wp\/v2\/types\/post"}],"author":[{"embeddable":true,"href":"https:\/\/linitiative.ca\/International\/wp-json\/wp\/v2\/users\/1965"}],"replies":[{"embeddable":true,"href":"https:\/\/linitiative.ca\/International\/wp-json\/wp\/v2\/comments?post=132257"}],"version-history":[{"count":0,"href":"https:\/\/linitiative.ca\/International\/wp-json\/wp\/v2\/posts\/132257\/revisions"}],"wp:attachment":[{"href":"https:\/\/linitiative.ca\/International\/wp-json\/wp\/v2\/media?parent=132257"}],"wp:term":[{"taxonomy":"category","embeddable":true,"href":"https:\/\/linitiative.ca\/International\/wp-json\/wp\/v2\/categories?post=132257"},{"taxonomy":"post_tag","embeddable":true,"href":"https:\/\/linitiative.ca\/International\/wp-json\/wp\/v2\/tags?post=132257"}],"curies":[{"name":"wp","href":"https:\/\/api.w.org\/{rel}","templated":true}]}}