{"id":132263,"date":"2021-11-06T14:00:44","date_gmt":"2021-11-06T18:00:44","guid":{"rendered":"https:\/\/linitiative.ca\/International\/developpement-numerique-le-cameroun-veut-accroitre-la-transformation-digitale-des-territoires-grace-aux-telecentres-communautaires\/"},"modified":"2021-11-06T14:00:44","modified_gmt":"2021-11-06T18:00:44","slug":"developpement-numerique-le-cameroun-veut-accroitre-la-transformation-digitale-des-territoires-grace-aux-telecentres-communautaires","status":"publish","type":"post","link":"https:\/\/linitiative.ca\/International\/developpement-numerique-le-cameroun-veut-accroitre-la-transformation-digitale-des-territoires-grace-aux-telecentres-communautaires\/","title":{"rendered":"D\u00e9veloppement num\u00e9rique : le Cameroun veut accroitre la transformation digitale des territoires gr\u00e2ce aux T\u00e9l\u00e9centres Communautaires"},"content":{"rendered":"<div>\n<p>Le jeudi 4 novembre dernier, s\u2019est tenu \u00e0 Namur en Belgique, le sommet du num\u00e9rique, sous la th\u00e9matique\u00a0: \u00ab Villes et Gouvernements pour un num\u00e9rique au service du d\u00e9veloppement urbain et de la r\u00e9silience des territoires \u00bb. Le Cameroun a pris part activement \u00e0 cette rencontre qui a rassembl\u00e9 les Maires et responsables de villes issus de plus de 30 pays, des Parlementaires europ\u00e9ens et nationaux, des Ministres en charge de l\u2019innovation et du Num\u00e9rique, des responsables d\u2019Agence nationales, des acteurs de l\u2019innovation sous toutes ses formes (Incubateurs, start-ups, fablabs, coop\u00e9ratives, des artistes, etc.), l\u2019Union europ\u00e9enne et l\u2019UNESCO.<\/p>\n<p>La voix officielle du Cameroun \u00e0 cette rencontre \u00e9tait port\u00e9e par le ministre des Postes et T\u00e9l\u00e9communications, Minette Libom Li Likeng, qui a d\u2019ailleurs prononc\u00e9 un discours solennel lors de la table ronde organis\u00e9e en cette circonstance. Son intervention a port\u00e9 sur trois principaux axes\u00a0: les enjeux de la d\u00e9centralisation pour le d\u00e9veloppement des territoires\u00a0; la politique de transformation num\u00e9rique, avec un accent sur la promotion de l\u2019innovation num\u00e9rique et de l\u2019emploi-jeunes\u00a0; et les programmes de r\u00e9duction de la fracture num\u00e9rique. Le ministre a globalement fait le point sur les avanc\u00e9es du Cameroun dans le domaine du num\u00e9rique, et a par ailleurs d\u00e9clin\u00e9 les chantiers sur lesquels les pouvoirs publics camerounais \u0153uvrent pour r\u00e9duire consid\u00e9rablement la fracture num\u00e9rique.<\/p>\n<p>Le Gouvernement a en effet \u00e9labor\u00e9 une strat\u00e9gie qui lui permet de tirer avantage de l\u2019\u00e9conomie num\u00e9rique, sous-tendue entre autres par un d\u00e9veloppement de l\u2019offre des services num\u00e9rique, l\u2019accroissement de la demande et le renforcement de la gouvernance ainsi que la r\u00e9gulation. \u00a0<\/p>\n<p>A titre illustratif, pour ce qui est du d\u00e9veloppement de l\u2019offre des services num\u00e9riques, il s\u2019agit de poursuivre le d\u00e9veloppement de l\u2019infrastructure large bande ; d\u2019accro\u00eetre la production et l\u2019offre des contenus num\u00e9riques ; de d\u00e9velopper une industrie locale du num\u00e9rique et encourager la recherche et l\u2019innovation. Pour ce qui est de l\u2019accroissement de la demande, il s\u2019agit de promouvoir la culture du num\u00e9rique par la g\u00e9n\u00e9ralisation de l\u2019usage des TIC dans la\u00a0 soci\u00e9t\u00e9 ; d\u2019accompagner la transformation num\u00e9rique de l\u2019administration et des entreprises. Et pour ce qui est du renforcement de la gouvernance et de la r\u00e9gulation, il est question de promouvoir et garantir le d\u00e9veloppement du capital humain et le leadership dans le num\u00e9rique ; de renforcer la confiance num\u00e9rique\u00a0; de promouvoir et garantir l\u2019am\u00e9lioration de la gouvernance et appui institutionnel.<\/p>\n<p>\u00ab\u00a0Toutes choses devant nous permettre d\u2019am\u00e9liorer les conditions de vie des citoyens, promouvoir l\u2019emploi, tout en prenant en compte les valeurs, d\u2019inclusion sociale, du genre, de promotion de la diversit\u00e9 culturelle, et la protection des citoyens\u00a0\u00bb, \u00e9taye Minette Libom Li Likeng.<\/p>\n<p><strong>T\u00e9l\u00e9centres Communautaires Polyvalents<\/strong><\/p>\n<p>Au sujet de la transformation digitale des collectivit\u00e9s territoriales d\u00e9centralis\u00e9es, objet m\u00eame des r\u00e9flexions men\u00e9es lors du sommet du num\u00e9rique de Namur, le Cameroun a adopt\u00e9 une nouvelle orientation strat\u00e9gique bas\u00e9e sur le d\u00e9veloppement des T\u00e9l\u00e9centres apr\u00e8s le constat d\u2019\u00e9chec de la phase pilote avec la construction de 231 T\u00e9l\u00e9centres communautaires polyvalents et points d\u2019acc\u00e8s num\u00e9riques dans l\u2019ensemble des 10 R\u00e9gions du pays.<\/p>\n<p>La nouvelle vision consiste \u00e0 \u00ab rendre accessibles de mani\u00e8re \u00e9quitable \u00e0 tous les citoyens, dans leur localit\u00e9, par le biais des T\u00e9l\u00e9centres, tous les services des secteurs public, priv\u00e9 et social, en assurer l\u2019efficacit\u00e9, la transparence et la fiabilit\u00e9 \u00e0 des co\u00fbts abordables, pour r\u00e9pondre aux besoins fondamentaux des populations rurales, afin de r\u00e9duire la fracture num\u00e9rique \u00bb, indique le ministre des Postes. Et de rench\u00e9rir\u00a0: \u00ab\u00a0les T\u00e9l\u00e9centres Communautaires Polyvalents, parce qu\u2019ils rapprochent l\u2019administration des populations locales \u00e0 travers le num\u00e9rique, sont appel\u00e9s \u00e0 devenir le maillon essentiel de la d\u00e9centralisation, et le principal vecteur de d\u00e9veloppement d\u2019une \u00e9conomie digitale locale qui tienne compte des r\u00e9alit\u00e9s locales\u00a0\u00bb.<\/p>\n<p>Dans le cadre de ce projet de transformation num\u00e9rique des collectivit\u00e9s territoriales d\u00e9centralis\u00e9es, le gouvernement camerounais b\u00e9n\u00e9ficie d\u00e9j\u00e0 de l\u2019accompagnement de la coop\u00e9ration allemande \u00e0 travers la GIZ. Mais il lance un appel aux autres partenaires au d\u00e9veloppement, afin qu\u2019ils puissent l\u2019aider \u00e0 atteindre efficacement ces objectifs.<\/p>\n<p>Rappelons que l\u2019Association Internationale des Maires Francophones est un r\u00e9seau rassemblant 300 maires de 50 Pays, avec pour but d\u2019agir pour promouvoir un num\u00e9rique ambitieux et performant, qui apporte \u00e0 tous, qui respecte ses usagers et r\u00e9sorbe les in\u00e9galit\u00e9s.<\/p>\n<p>L\u2019article <a rel=\"nofollow\" href=\"https:\/\/ecomatin.net\/developpement-numerique-le-cameroun-plaide-pour-lemergence-des-villes-intelligentes\/\">D\u00e9veloppement num\u00e9rique : le Cameroun veut accroitre la transformation digitale des territoires gr\u00e2ce aux T\u00e9l\u00e9centres Communautaires<\/a> est apparu en premier sur <a rel=\"nofollow\" href=\"https:\/\/ecomatin.net\/\">EcoMatin<\/a>.<\/p>\n<\/div>\n<p>Auteur: Yannick KENNE<br \/>\n<a href=\"https:\/\/ecomatin.net\/developpement-numerique-le-cameroun-plaide-pour-lemergence-des-villes-intelligentes\/\">Cliquez ici pour lire l&rsquo;article depuis sa source.<\/a><\/p>\n","protected":false},"excerpt":{"rendered":"<p>Le jeudi 4 novembre dernier, s\u2019est tenu \u00e0 Namur en Belgique, le sommet du num\u00e9rique, sous la th\u00e9matique\u00a0: \u00ab Villes et Gouvernements pour un num\u00e9rique au service du d\u00e9veloppement urbain et de la r\u00e9silience des territoires \u00bb. Le Cameroun a pris part activement \u00e0 cette rencontre qui a rassembl\u00e9 les Maires et responsables de villes [&hellip;]<\/p>\n","protected":false},"author":1969,"featured_media":0,"comment_status":"closed","ping_status":"closed","sticky":false,"template":"","format":"standard","meta":{"fifu_image_url":"","fifu_image_alt":"","footnotes":""},"categories":[82,78],"tags":[],"class_list":["post-132263","post","type-post","status-publish","format-standard","hentry","category-cameroun","category-economie"],"_links":{"self":[{"href":"https:\/\/linitiative.ca\/International\/wp-json\/wp\/v2\/posts\/132263","targetHints":{"allow":["GET"]}}],"collection":[{"href":"https:\/\/linitiative.ca\/International\/wp-json\/wp\/v2\/posts"}],"about":[{"href":"https:\/\/linitiative.ca\/International\/wp-json\/wp\/v2\/types\/post"}],"author":[{"embeddable":true,"href":"https:\/\/linitiative.ca\/International\/wp-json\/wp\/v2\/users\/1969"}],"replies":[{"embeddable":true,"href":"https:\/\/linitiative.ca\/International\/wp-json\/wp\/v2\/comments?post=132263"}],"version-history":[{"count":0,"href":"https:\/\/linitiative.ca\/International\/wp-json\/wp\/v2\/posts\/132263\/revisions"}],"wp:attachment":[{"href":"https:\/\/linitiative.ca\/International\/wp-json\/wp\/v2\/media?parent=132263"}],"wp:term":[{"taxonomy":"category","embeddable":true,"href":"https:\/\/linitiative.ca\/International\/wp-json\/wp\/v2\/categories?post=132263"},{"taxonomy":"post_tag","embeddable":true,"href":"https:\/\/linitiative.ca\/International\/wp-json\/wp\/v2\/tags?post=132263"}],"curies":[{"name":"wp","href":"https:\/\/api.w.org\/{rel}","templated":true}]}}