{"id":132279,"date":"2021-11-08T05:33:40","date_gmt":"2021-11-08T10:33:40","guid":{"rendered":"https:\/\/linitiative.ca\/International\/la-crdh-de-marrakech-safi-tient-sa-deuxieme-reunion-periodique\/"},"modified":"2021-11-08T05:33:40","modified_gmt":"2021-11-08T10:33:40","slug":"la-crdh-de-marrakech-safi-tient-sa-deuxieme-reunion-periodique","status":"publish","type":"post","link":"https:\/\/linitiative.ca\/International\/la-crdh-de-marrakech-safi-tient-sa-deuxieme-reunion-periodique\/","title":{"rendered":"La CRDH de Marrakech-Safi tient sa deuxi\u00e8me r\u00e9union p\u00e9riodique"},"content":{"rendered":"<div>\n<div style=\"margin-bottom:20px;\"><img loading=\"lazy\" decoding=\"async\" width=\"750\" height=\"430\" src=\"https:\/\/linitiative.ca\/International\/wp-content\/uploads\/sites\/23\/2021\/11\/crdh-copier.jpg\" class=\"attachment-post-thumbnail size-post-thumbnail wp-post-image\" alt=\"\" srcset=\"https:\/\/linitiative.ca\/International\/wp-content\/uploads\/sites\/23\/2021\/11\/crdh-copier.jpg 750w, http:\/\/www.mapmarrakech.ma\/map\/uploads\/2021\/11\/crdh-copier-300x172.jpg 300w\" sizes=\"auto, (max-width: 750px) 100vw, 750px\"><\/div>\n<p>Cette r\u00e9union, qui intervient conform\u00e9ment aux articles 35 et 36 du r\u00e8glement int\u00e9rieur du Conseil National des Droits de l\u2019Homme (CNDH), a \u00e9t\u00e9 consacr\u00e9e notamment \u00e0 la pr\u00e9sentation et \u00e0 l\u2019examen du bilan de l\u2019action de la CRDH et de son programme d\u2019action pour le reste de l\u2019ann\u00e9e en cours.<\/p>\n<p>Il a \u00e9t\u00e9 proc\u00e9d\u00e9 aussi \u00e0 la pr\u00e9sentation du bilan de l\u2019action des commissions permanentes charg\u00e9es de l\u2019identification des violations des droits de l\u2019Homme et de la protection de ces droits, de la promotion de la culture des droits humains et de la consolidation de l\u2019\u00e9difice d\u00e9mocratique, ainsi que du suivi de l\u2019effectivit\u00e9 des droits humains dans les politiques et programmes \u00e0 l\u2019\u00e9chelle r\u00e9gionale.<\/p>\n<p>Le programme de ces commissions permanentes pour le reste de l\u2019ann\u00e9e 2021 a \u00e9galement \u00e9t\u00e9 pr\u00e9sent\u00e9 \u00e0 cette occasion.<\/p>\n<p>Dans une d\u00e9claration \u00e0 M24, la cha\u00eene t\u00e9l\u00e9vis\u00e9e de l\u2019information en continu de la MAP, le pr\u00e9sident de la CRDH de Marrakech-Safi, M. Mustapha Laarissa, a indiqu\u00e9 que cette deuxi\u00e8me r\u00e9union p\u00e9riodique se veut une \u00ab\u00a0\u00e9tape pour r\u00e9affirmer le nouveau contexte dans lequel nous travaillons\u00a0\u00bb, notant qu\u2019il a \u00e9t\u00e9 essentiellement question de trois \u00e9l\u00e9ments: la pr\u00e9sentation des conclusions du rapport g\u00e9n\u00e9ral sur le Nouveau Mod\u00e8le de D\u00e9veloppement, les r\u00e9sultats des \u00e9lections du 8 septembre et les conditions de travail engendr\u00e9es par la propagation de la pand\u00e9mie de la Covid-19.<\/p>\n<p>Il a \u00e9galement expliqu\u00e9 que tous ces \u00e9l\u00e9ments mettent l\u2019accent sur l\u2019effectivit\u00e9 des droits de l\u2019Homme et sur la n\u00e9cessit\u00e9 de faire des recommandations sociales, \u00e9conomiques et culturelles la base du traitement de la question des droits humains, en particulier en ce qui concerne l\u2019emploi, l\u2019\u00e9ducation et la sant\u00e9.<\/p>\n<p>Et M. Laarissa de conclure que cette r\u00e9union a constitu\u00e9 une occasion pour la pr\u00e9sentation des conclusions de l\u2019action de la CRDH, avec un focus sur la place centrale de l\u2019aspect culturel dans la promotion des droits de l\u2019Homme.<\/p>\n<p>The post <a rel=\"nofollow\" href=\"http:\/\/www.mapmarrakech.ma\/fr\/la-crdh-de-marrakech-safi-tient-sa-deuxieme-reunion-periodique-2\/\">La CRDH de Marrakech-Safi tient sa deuxi\u00e8me r\u00e9union p\u00e9riodique<\/a> appeared first on <a rel=\"nofollow\" href=\"http:\/\/www.mapmarrakech.ma\/fr\">MapMarrakech<\/a>.<\/p>\n<\/div>\n<p>Auteur: Meriem IGASS<br \/>\n<a href=\"http:\/\/www.mapmarrakech.ma\/fr\/la-crdh-de-marrakech-safi-tient-sa-deuxieme-reunion-periodique-2\/\">Cliquez ici pour lire l&rsquo;article depuis sa source.<\/a><\/p>\n","protected":false},"excerpt":{"rendered":"<p>Cette r\u00e9union, qui intervient conform\u00e9ment aux articles 35 et 36 du r\u00e8glement int\u00e9rieur du Conseil National des Droits de l\u2019Homme (CNDH), a \u00e9t\u00e9 consacr\u00e9e notamment \u00e0 la pr\u00e9sentation et \u00e0 l\u2019examen du bilan de l\u2019action de la CRDH et de son programme d\u2019action pour le reste de l\u2019ann\u00e9e en cours. Il a \u00e9t\u00e9 proc\u00e9d\u00e9 aussi [&hellip;]<\/p>\n","protected":false},"author":1788,"featured_media":0,"comment_status":"closed","ping_status":"closed","sticky":false,"template":"","format":"standard","meta":{"fifu_image_url":"http:\/\/www.mapmarrakech.ma\/map\/uploads\/2021\/11\/crdh-copier.jpg","fifu_image_alt":"La CRDH de Marrakech-Safi tient sa deuxi\u00e8me r\u00e9union p\u00e9riodique","footnotes":""},"categories":[54,76],"tags":[],"class_list":["post-132279","post","type-post","status-publish","format-standard","hentry","category-maroc","category-regions"],"_links":{"self":[{"href":"https:\/\/linitiative.ca\/International\/wp-json\/wp\/v2\/posts\/132279","targetHints":{"allow":["GET"]}}],"collection":[{"href":"https:\/\/linitiative.ca\/International\/wp-json\/wp\/v2\/posts"}],"about":[{"href":"https:\/\/linitiative.ca\/International\/wp-json\/wp\/v2\/types\/post"}],"author":[{"embeddable":true,"href":"https:\/\/linitiative.ca\/International\/wp-json\/wp\/v2\/users\/1788"}],"replies":[{"embeddable":true,"href":"https:\/\/linitiative.ca\/International\/wp-json\/wp\/v2\/comments?post=132279"}],"version-history":[{"count":0,"href":"https:\/\/linitiative.ca\/International\/wp-json\/wp\/v2\/posts\/132279\/revisions"}],"wp:attachment":[{"href":"https:\/\/linitiative.ca\/International\/wp-json\/wp\/v2\/media?parent=132279"}],"wp:term":[{"taxonomy":"category","embeddable":true,"href":"https:\/\/linitiative.ca\/International\/wp-json\/wp\/v2\/categories?post=132279"},{"taxonomy":"post_tag","embeddable":true,"href":"https:\/\/linitiative.ca\/International\/wp-json\/wp\/v2\/tags?post=132279"}],"curies":[{"name":"wp","href":"https:\/\/api.w.org\/{rel}","templated":true}]}}