{"id":132287,"date":"2021-11-08T12:02:52","date_gmt":"2021-11-08T17:02:52","guid":{"rendered":"https:\/\/linitiative.ca\/International\/role-de-la-societe-civile-dans-la-defense-de-la-question-du-sahara\/"},"modified":"2021-11-08T12:02:52","modified_gmt":"2021-11-08T17:02:52","slug":"role-de-la-societe-civile-dans-la-defense-de-la-question-du-sahara","status":"publish","type":"post","link":"https:\/\/linitiative.ca\/International\/role-de-la-societe-civile-dans-la-defense-de-la-question-du-sahara\/","title":{"rendered":"R\u00f4le de la soci\u00e9t\u00e9 civile dans la d\u00e9fense de la question du Sahara"},"content":{"rendered":"<div>\n<div style=\"margin-bottom:20px;\"><img loading=\"lazy\" decoding=\"async\" width=\"750\" height=\"430\" src=\"https:\/\/linitiative.ca\/International\/wp-content\/uploads\/sites\/23\/2021\/11\/marche-verte-copier-1.jpg\" class=\"attachment-post-thumbnail size-post-thumbnail wp-post-image\" alt=\"\" srcset=\"https:\/\/linitiative.ca\/International\/wp-content\/uploads\/sites\/23\/2021\/11\/marche-verte-copier-1.jpg 750w, http:\/\/www.mapmarrakech.ma\/map\/uploads\/2021\/11\/marche-verte-copier-1-300x172.jpg 300w\" sizes=\"auto, (max-width: 750px) 100vw, 750px\"><\/div>\n<p>Cette rencontre s\u2019inscrit dans le cadre des activit\u00e9s organis\u00e9es par ladite d\u00e9l\u00e9gation \u00e0 l\u2019occasion de la c\u00e9l\u00e9bration du 46\u00e8me anniversaire de la Glorieuse Marche Verte.<\/p>\n<p>Les travaux de ce colloque, auquel a pris part un parterre de professeurs universitaires, se sont articul\u00e9s autour de quatre axes : les grandes valeurs et enseignements de la Marche Verte, le r\u00f4le de la soci\u00e9t\u00e9 civile dans la pr\u00e9servation du rayonnement de la cause nationale et le d\u00e9veloppement comme pr\u00e9lude pour un plaidoyer civil efficace sur le Sahara marocain.<\/p>\n<p>Cette rencontre a, en outre, abord\u00e9 des th\u00e9matiques relatives \u00e0 l\u2019importance de l\u2019initiative de Feu SM Hassan II \u00ab\u00a0La patrie est cl\u00e9mente et mis\u00e9ricordieuse\u00a0\u00bb, le retour \u00e0 la M\u00e8re Patrie de milliers de s\u00e9questr\u00e9s \u00e0 Tindouf et la contribution de la soci\u00e9t\u00e9 civile \u00e0 leur int\u00e9gration, ainsi qu\u2019\u00e0 l\u2019approche \u00e0 adopter en vue d\u2019un plaidoyer efficace autour des causes nationales: le Sahara marocain comme mod\u00e8le.<\/p>\n<p>Les intervenants lors de ce colloque ont mis en avant la force de la diplomatie du Maroc, officielle et parall\u00e8le, gr\u00e2ce au soutien populaire permanent \u00e0 la question du Sahara marocain, mettant en relief la perc\u00e9e diplomatique et les acquis accumul\u00e9s dans ce dossier face aux adversaires de l\u2019int\u00e9grit\u00e9 territoriale du Royaume qui persistent dans leurs manoeuvres ourdies pour saper les efforts du Royaume, en exploitant de nombreuses tribunes internationales et africaines pour diffuser leurs th\u00e8ses s\u00e9paratistes.<\/p>\n<p>Ainsi, le professeur \u00e0 la Facult\u00e9 des Lettres et des Sciences Humaines de Marrakech, Rachid Chahmi, a relev\u00e9 l\u2019importance de d\u00e9velopper les m\u00e9canismes de d\u00e9fense de la cause nationale face aux ennemis de l\u2019int\u00e9grit\u00e9 territoriale, en renouvelant le plaidoyer sur la Marocanit\u00e9 du Sahara par les acteurs de la soci\u00e9t\u00e9 civile et en fixant des objectifs strat\u00e9giques pour la mise en place d\u2019un plan pratique et d\u2019un r\u00e9seau scientifique dot\u00e9 des comp\u00e9tences et capacit\u00e9s n\u00e9cessaires sur les plans culturel, \u00e9conomique et social, en tant que noyau qui contribue effectivement \u00e0 la d\u00e9fense des causes nationales, avec \u00e0 leur t\u00eate la question du Sahara marocain.<\/p>\n<p>De son c\u00f4t\u00e9, le professeur \u00e0 l\u2019universit\u00e9 Ibn Zohr \u00e0 Agadir, Abdelmajid Amrigh, a soulign\u00e9 la mobilisation constante et l\u2019engagement des acteurs de la soci\u00e9t\u00e9 civile pour la d\u00e9fense de la cause nationale et de la Marocanit\u00e9 du Sahara, preuves \u00e0 l\u2019appui, face aux adversaires de l\u2019int\u00e9grit\u00e9 territoriale du Royaume.<\/p>\n<p>Pour sa part, le d\u00e9l\u00e9gu\u00e9 r\u00e9gional du Haut-Commissariat aux Anciens R\u00e9sistants et Anciens membres de l\u2019Arm\u00e9e de Lib\u00e9ration \u00e0 Marrakech-Safi, Mohamed Joulal, a indiqu\u00e9 que cette rencontre vise essentiellement \u00e0 faire davantage la lumi\u00e8re sur l\u2019\u00e9pop\u00e9e de la Glorieuse Marche Verte et \u00e0 mettre en \u00e9vidence ses significations profondes et ses enseignements afin de les inculquer aux g\u00e9n\u00e9rations montantes.<\/p>\n<p>The post <a rel=\"nofollow\" href=\"http:\/\/www.mapmarrakech.ma\/fr\/colloque-sur-le-role-de-la-societe-civile-dans-la-defense-de-la-question-du-sahara\/\">R\u00f4le de la soci\u00e9t\u00e9 civile dans la d\u00e9fense de la question du Sahara<\/a> appeared first on <a rel=\"nofollow\" href=\"http:\/\/www.mapmarrakech.ma\/fr\">MapMarrakech<\/a>.<\/p>\n<\/div>\n<p>Auteur: Meriem IGASS<br \/>\n<a href=\"http:\/\/www.mapmarrakech.ma\/fr\/colloque-sur-le-role-de-la-societe-civile-dans-la-defense-de-la-question-du-sahara\/\">Cliquez ici pour lire l&rsquo;article depuis sa source.<\/a><\/p>\n","protected":false},"excerpt":{"rendered":"<p>Cette rencontre s\u2019inscrit dans le cadre des activit\u00e9s organis\u00e9es par ladite d\u00e9l\u00e9gation \u00e0 l\u2019occasion de la c\u00e9l\u00e9bration du 46\u00e8me anniversaire de la Glorieuse Marche Verte. Les travaux de ce colloque, auquel a pris part un parterre de professeurs universitaires, se sont articul\u00e9s autour de quatre axes : les grandes valeurs et enseignements de la Marche [&hellip;]<\/p>\n","protected":false},"author":1788,"featured_media":0,"comment_status":"closed","ping_status":"closed","sticky":false,"template":"","format":"standard","meta":{"fifu_image_url":"http:\/\/www.mapmarrakech.ma\/map\/uploads\/2021\/11\/marche-verte-copier-1.jpg","fifu_image_alt":"R\u00f4le de la soci\u00e9t\u00e9 civile dans la d\u00e9fense de la question du Sahara","footnotes":""},"categories":[54,76],"tags":[],"class_list":["post-132287","post","type-post","status-publish","format-standard","hentry","category-maroc","category-regions"],"_links":{"self":[{"href":"https:\/\/linitiative.ca\/International\/wp-json\/wp\/v2\/posts\/132287","targetHints":{"allow":["GET"]}}],"collection":[{"href":"https:\/\/linitiative.ca\/International\/wp-json\/wp\/v2\/posts"}],"about":[{"href":"https:\/\/linitiative.ca\/International\/wp-json\/wp\/v2\/types\/post"}],"author":[{"embeddable":true,"href":"https:\/\/linitiative.ca\/International\/wp-json\/wp\/v2\/users\/1788"}],"replies":[{"embeddable":true,"href":"https:\/\/linitiative.ca\/International\/wp-json\/wp\/v2\/comments?post=132287"}],"version-history":[{"count":0,"href":"https:\/\/linitiative.ca\/International\/wp-json\/wp\/v2\/posts\/132287\/revisions"}],"wp:attachment":[{"href":"https:\/\/linitiative.ca\/International\/wp-json\/wp\/v2\/media?parent=132287"}],"wp:term":[{"taxonomy":"category","embeddable":true,"href":"https:\/\/linitiative.ca\/International\/wp-json\/wp\/v2\/categories?post=132287"},{"taxonomy":"post_tag","embeddable":true,"href":"https:\/\/linitiative.ca\/International\/wp-json\/wp\/v2\/tags?post=132287"}],"curies":[{"name":"wp","href":"https:\/\/api.w.org\/{rel}","templated":true}]}}