{"id":132302,"date":"2021-11-08T07:41:00","date_gmt":"2021-11-08T12:41:00","guid":{"rendered":"https:\/\/linitiative.ca\/International\/nice-atal-connait-la-duree-de-son-indisponibilite\/"},"modified":"2021-11-08T07:41:00","modified_gmt":"2021-11-08T12:41:00","slug":"nice-atal-connait-la-duree-de-son-indisponibilite","status":"publish","type":"post","link":"https:\/\/linitiative.ca\/International\/nice-atal-connait-la-duree-de-son-indisponibilite\/","title":{"rendered":"Nice : Atal connait la dur\u00e9e de son indisponibilit\u00e9"},"content":{"rendered":"<div>Nouveau coup dur pour Youcef Atal (25 ans) lors du match de ce dimanche face \u00e0 Montpellier&#8230;<img loading=\"lazy\" decoding=\"async\" src=\"http:\/\/feeds.feedburner.com\/~r\/GalerieFArtciles\/~4\/Jo8GH1xf0sk\" height=\"1\" width=\"1\" alt=\"\"><\/div>\n<p>Auteur:<br \/>\n<a href=\"http:\/\/www.lebuteur.com\/article\/detail?titre=nice-atal-connait-la-duree-de-son-indisponibilite&#038;id=101513&#038;utm_source=feedburner&#038;utm_medium=feed&#038;utm_campaign=Feed%3A+GalerieFArtciles+%28Les+derniers+articles++-+lebuteur.com%29\">Cliquez ici pour lire l&rsquo;article depuis sa source.<\/a><\/p>\n","protected":false},"excerpt":{"rendered":"<p>Nouveau coup dur pour Youcef Atal (25 ans) lors du match de ce dimanche face \u00e0 Montpellier&#8230; Auteur: Cliquez ici pour lire l&rsquo;article depuis sa source.<\/p>\n","protected":false},"author":1738,"featured_media":0,"comment_status":"closed","ping_status":"closed","sticky":false,"template":"","format":"standard","meta":{"fifu_image_url":"http:\/\/feeds.feedburner.com\/~r\/GalerieFArtciles\/~4\/Jo8GH1xf0sk","fifu_image_alt":"Nice : Atal connait la dur\u00e9e de son indisponibilit\u00e9","footnotes":""},"categories":[53,75],"tags":[],"class_list":["post-132302","post","type-post","status-publish","format-standard","hentry","category-algerie","category-sport"],"_links":{"self":[{"href":"https:\/\/linitiative.ca\/International\/wp-json\/wp\/v2\/posts\/132302","targetHints":{"allow":["GET"]}}],"collection":[{"href":"https:\/\/linitiative.ca\/International\/wp-json\/wp\/v2\/posts"}],"about":[{"href":"https:\/\/linitiative.ca\/International\/wp-json\/wp\/v2\/types\/post"}],"author":[{"embeddable":true,"href":"https:\/\/linitiative.ca\/International\/wp-json\/wp\/v2\/users\/1738"}],"replies":[{"embeddable":true,"href":"https:\/\/linitiative.ca\/International\/wp-json\/wp\/v2\/comments?post=132302"}],"version-history":[{"count":0,"href":"https:\/\/linitiative.ca\/International\/wp-json\/wp\/v2\/posts\/132302\/revisions"}],"wp:attachment":[{"href":"https:\/\/linitiative.ca\/International\/wp-json\/wp\/v2\/media?parent=132302"}],"wp:term":[{"taxonomy":"category","embeddable":true,"href":"https:\/\/linitiative.ca\/International\/wp-json\/wp\/v2\/categories?post=132302"},{"taxonomy":"post_tag","embeddable":true,"href":"https:\/\/linitiative.ca\/International\/wp-json\/wp\/v2\/tags?post=132302"}],"curies":[{"name":"wp","href":"https:\/\/api.w.org\/{rel}","templated":true}]}}