{"id":132334,"date":"2021-11-08T11:10:31","date_gmt":"2021-11-08T16:10:31","guid":{"rendered":"https:\/\/linitiative.ca\/International\/hyundai-accent-elle-sest-refait-une-beaute\/"},"modified":"2021-11-08T11:10:31","modified_gmt":"2021-11-08T16:10:31","slug":"hyundai-accent-elle-sest-refait-une-beaute","status":"publish","type":"post","link":"https:\/\/linitiative.ca\/International\/hyundai-accent-elle-sest-refait-une-beaute\/","title":{"rendered":"Hyundai Accent. Elle s\u2019est refait une beaut\u00e9"},"content":{"rendered":"<div><img decoding=\"async\" width=\"611\" height=\"370\" src=\"https:\/\/linitiative.ca\/International\/wp-content\/uploads\/sites\/23\/2021\/11\/Hyundai-Accent-1.jpg\" class=\"attachment-post-thumbnail size-post-thumbnail wp-post-image\" alt=\"\" loading=\"lazy\" srcset=\"https:\/\/linitiative.ca\/International\/wp-content\/uploads\/sites\/23\/2021\/11\/Hyundai-Accent-1.jpg 611w, https:\/\/www.challenge.ma\/wp-content\/uploads\/2021\/11\/Hyundai-Accent-1-300x182.jpg 300w, https:\/\/www.challenge.ma\/wp-content\/uploads\/2021\/11\/Hyundai-Accent-1-360x218.jpg 360w\" sizes=\"auto, (max-width: 611px) 100vw, 611px\" itemprop=\"image\">Du nouveau chez Hyundai Maroc qui vient fra\u00eechement de d\u00e9voiler dans ses showrooms la d\u00e9clinaison restyl\u00e9e de l\u2019Accent. Une berline compacte dont la notori\u00e9t\u00e9 ne se d\u00e9ment pas dans le Royaume, tant aupr\u00e8s des particuliers que des professionnels, et qui devrait poursuivre, sinon accro\u00eetre son succ\u00e8s compte tenu de ses<\/div>\n<p>Auteur: David J\u00e9r\u00e9mie<br \/>\n<a href=\"https:\/\/www.challenge.ma\/hyundai-accent-elle-sest-refait-une-beaute-225574\/\">Cliquez ici pour lire l&rsquo;article depuis sa source.<\/a><\/p>\n","protected":false},"excerpt":{"rendered":"<p>Du nouveau chez Hyundai Maroc qui vient fra\u00eechement de d\u00e9voiler dans ses showrooms la d\u00e9clinaison restyl\u00e9e de l\u2019Accent. Une berline compacte dont la notori\u00e9t\u00e9 ne se d\u00e9ment pas dans le Royaume, tant aupr\u00e8s des particuliers que des professionnels, et qui devrait poursuivre, sinon accro\u00eetre son succ\u00e8s compte tenu de ses Auteur: David J\u00e9r\u00e9mie Cliquez ici [&hellip;]<\/p>\n","protected":false},"author":1787,"featured_media":0,"comment_status":"closed","ping_status":"closed","sticky":false,"template":"","format":"standard","meta":{"fifu_image_url":"https:\/\/www.challenge.ma\/wp-content\/uploads\/2021\/11\/Hyundai-Accent-1.jpg","fifu_image_alt":"Hyundai Accent. Elle s\u2019est refait une beaut\u00e9","footnotes":""},"categories":[78,54],"tags":[],"class_list":["post-132334","post","type-post","status-publish","format-standard","hentry","category-economie","category-maroc"],"_links":{"self":[{"href":"https:\/\/linitiative.ca\/International\/wp-json\/wp\/v2\/posts\/132334","targetHints":{"allow":["GET"]}}],"collection":[{"href":"https:\/\/linitiative.ca\/International\/wp-json\/wp\/v2\/posts"}],"about":[{"href":"https:\/\/linitiative.ca\/International\/wp-json\/wp\/v2\/types\/post"}],"author":[{"embeddable":true,"href":"https:\/\/linitiative.ca\/International\/wp-json\/wp\/v2\/users\/1787"}],"replies":[{"embeddable":true,"href":"https:\/\/linitiative.ca\/International\/wp-json\/wp\/v2\/comments?post=132334"}],"version-history":[{"count":0,"href":"https:\/\/linitiative.ca\/International\/wp-json\/wp\/v2\/posts\/132334\/revisions"}],"wp:attachment":[{"href":"https:\/\/linitiative.ca\/International\/wp-json\/wp\/v2\/media?parent=132334"}],"wp:term":[{"taxonomy":"category","embeddable":true,"href":"https:\/\/linitiative.ca\/International\/wp-json\/wp\/v2\/categories?post=132334"},{"taxonomy":"post_tag","embeddable":true,"href":"https:\/\/linitiative.ca\/International\/wp-json\/wp\/v2\/tags?post=132334"}],"curies":[{"name":"wp","href":"https:\/\/api.w.org\/{rel}","templated":true}]}}